{"id":12824,"date":"2024-10-25T22:00:00","date_gmt":"2024-10-26T04:00:00","guid":{"rendered":"https:\/\/cronicadesoledad.com\/?p=12824"},"modified":"2024-10-25T18:09:12","modified_gmt":"2024-10-26T00:09:12","slug":"cabildo-reafirma-promocion-historica-y-social-con-designacion-de-cronista-municipal","status":"publish","type":"post","link":"https:\/\/cronicadesoledad.com\/index.php\/2024\/10\/25\/cabildo-reafirma-promocion-historica-y-social-con-designacion-de-cronista-municipal\/","title":{"rendered":"Cabildo reafirma promoci\u00f3n hist\u00f3rica y social, con designaci\u00f3n de cronista municipal \u00a0"},"content":{"rendered":"\n<p>En la primera sesi\u00f3n extraordinaria del Cabildo de Soledad de Graciano S\u00e1nchez, las y los regidores aprobaron de manera un\u00e1nime la designaci\u00f3n del arquitecto Amado Juan S\u00e1nchez Cabrera como Cronista Municipal, para la actual administraci\u00f3n, perfil que fue presentando por parte de la Comisi\u00f3n de Cultura, Recreaci\u00f3n y Deporte.<\/p>\n\n\n\n<p>Previo a la toma de protesta del nuevo funcionario municipal, se destac\u00f3 que S\u00e1nchez Cabrera es un reconocido investigador de asuntos hist\u00f3ricos, con una destacada carrera como conferencista a nivel nacional en el \u00e1mbito de archivos hist\u00f3ricos; particip\u00f3 en la elaboraci\u00f3n de la monograf\u00eda de Soledad de Graciano S\u00e1nchez en diversas ocasiones, incluyendo los a\u00f1os 1990, 1992, 2003, 2010 y 2019; adem\u00e1s, es autor del libro \u201cLeyendas Soledenses\u201d y director general del libro conmemorativo del 235 aniversario de la fundaci\u00f3n de Soledad de Graciano S\u00e1nchez.<\/p>\n\n\n\n<p>Durante la sesi\u00f3n, el Presidente Municipal, Juan Manuel Navarro Mu\u00f1iz, elogi\u00f3 su compromiso y legado como referente cultural e hist\u00f3rico para el municipio y confi\u00f3 en su compromiso de seguir promoviendo y preservando la rica historia de Soledad de Graciano S\u00e1nchez.<\/p>\n\n\n\n<p>Adem\u00e1s, en el marco de esta sesi\u00f3n, se aprob\u00f3 la suscripci\u00f3n del Convenio de Coordinaci\u00f3n y Colaboraci\u00f3n Administrativa en Materia Fiscal del Impuesto Predial y sobre Adquisiciones Inmobiliarias, con una duraci\u00f3n prevista de 2024 a 2027, estableciendo una colaboraci\u00f3n directa con el Gobierno del Estado, que permitir\u00e1 a las y los soledenses contar con m\u00e1s opciones de regularizaci\u00f3n de impuestos.<\/p>\n\n\n\n<p>Ello, fortalece el trabajo conjunto con dependencias estatales para enriquecer y facilitar a la ciudadan\u00eda, los procesos de tr\u00e1mites en el Ayuntamiento, generando pol\u00edticas de cercan\u00eda y calidad en los servicios p\u00fablicos que merecen.<\/p>\n","protected":false},"excerpt":{"rendered":"<p>En la primera sesi\u00f3n extraordinaria del Cabildo de Soledad de Graciano S\u00e1nchez, las y los regidores aprobaron de manera un\u00e1nime la designaci\u00f3n del arquitecto Amado Juan S\u00e1nchez Cabrera como Cronista Municipal, para la actual administraci\u00f3n, perfil que fue presentando por parte de la Comisi\u00f3n de Cultura, Recreaci\u00f3n y Deporte. Previo a la toma de protesta [&hellip;]<\/p>\n","protected":false},"author":2,"featured_media":12825,"comment_status":"open","ping_status":"open","sticky":false,"template":"","format":"standard","meta":{"footnotes":""},"categories":[24,21],"tags":[223,824,2844,294,261,27],"class_list":{"0":"post-12824","1":"post","2":"type-post","3":"status-publish","4":"format-standard","5":"has-post-thumbnail","7":"category-informacion-general","8":"category-tu-soledad","9":"tag-ayuntamiento-soledense","10":"tag-cabildo","11":"tag-cronista","12":"tag-san-luis","13":"tag-slp","14":"tag-soledad"},"_links":{"self":[{"href":"https:\/\/cronicadesoledad.com\/index.php\/wp-json\/wp\/v2\/posts\/12824","targetHints":{"allow":["GET"]}}],"collection":[{"href":"https:\/\/cronicadesoledad.com\/index.php\/wp-json\/wp\/v2\/posts"}],"about":[{"href":"https:\/\/cronicadesoledad.com\/index.php\/wp-json\/wp\/v2\/types\/post"}],"author":[{"embeddable":true,"href":"https:\/\/cronicadesoledad.com\/index.php\/wp-json\/wp\/v2\/users\/2"}],"replies":[{"embeddable":true,"href":"https:\/\/cronicadesoledad.com\/index.php\/wp-json\/wp\/v2\/comments?post=12824"}],"version-history":[{"count":1,"href":"https:\/\/cronicadesoledad.com\/index.php\/wp-json\/wp\/v2\/posts\/12824\/revisions"}],"predecessor-version":[{"id":12826,"href":"https:\/\/cronicadesoledad.com\/index.php\/wp-json\/wp\/v2\/posts\/12824\/revisions\/12826"}],"wp:featuredmedia":[{"embeddable":true,"href":"https:\/\/cronicadesoledad.com\/index.php\/wp-json\/wp\/v2\/media\/12825"}],"wp:attachment":[{"href":"https:\/\/cronicadesoledad.com\/index.php\/wp-json\/wp\/v2\/media?parent=12824"}],"wp:term":[{"taxonomy":"category","embeddable":true,"href":"https:\/\/cronicadesoledad.com\/index.php\/wp-json\/wp\/v2\/categories?post=12824"},{"taxonomy":"post_tag","embeddable":true,"href":"https:\/\/cronicadesoledad.com\/index.php\/wp-json\/wp\/v2\/tags?post=12824"}],"curies":[{"name":"wp","href":"https:\/\/api.w.org\/{rel}","templated":true}]}}