{"id":12827,"date":"2024-10-25T23:00:00","date_gmt":"2024-10-26T05:00:00","guid":{"rendered":"https:\/\/cronicadesoledad.com\/?p=12827"},"modified":"2024-10-25T18:23:33","modified_gmt":"2024-10-26T00:23:33","slug":"__trashed","status":"publish","type":"post","link":"https:\/\/cronicadesoledad.com\/index.php\/2024\/10\/25\/__trashed\/","title":{"rendered":"Preparan programa de descuentos en recargos por impuesto predial"},"content":{"rendered":"\n<p>En cumplimiento a la directriz del Alcalde, Juan Manuel Navarro Mu\u00f1iz, de fortalecer la cercan\u00eda con la poblaci\u00f3n y brindarle el m\u00e1ximo apoyo, el Ayuntamiento de Soledad de Graciano S\u00e1nchez, alista el comienzo del programa de descuentos en recargos en adeudos del impuesto predial, con descuentos del 100, 60 y 40 por ciento, a trav\u00e9s de la Direcci\u00f3n de Catastro municipal, mismo que ser\u00e1 presentado en la pr\u00f3xima sesi\u00f3n de Cabildo.<\/p>\n\n\n\n<p>De acuerdo a la titular de esta \u00e1rea, Mayela Monserrat Mart\u00ednez, este programa pretende facilitar y promover la regularizaci\u00f3n del impuesto predial entre la ciudadan\u00eda, adem\u00e1s de generar la recaudaci\u00f3n propia para la continuaci\u00f3n de obras y la mejora de servicios municipales. Agreg\u00f3 que, en los meses de noviembre y diciembre, la poblaci\u00f3n tendr\u00e1 la oportunidad de aprovechar estos descuentos, que representan una alternativa accesible para mantener sus obligaciones fiscales al corriente.<\/p>\n\n\n\n<p>Dijo confiar en que las y los integrantes de Cabildo aprobar\u00e1n este proyecto que representa un beneficio social, con el respaldo del Presidente municipal, quien ha pedido transformar los servicios p\u00fablicos, as\u00ed como la tramitolog\u00eda en cada una de las \u00e1reas de atenci\u00f3n ciudadana.<\/p>\n\n\n\n<p>Adem\u00e1s, la propuesta se centra en la instalaci\u00f3n de tres nuevos puntos de cobro: en la oficina central de Blas Escontria, en la Oficina de calle Negrete, ambos en Cabecera municipal, y un Catastro m\u00f3vil. Adem\u00e1s, se implementar\u00e1n cajas adicionales en el Centro de Desarrollo Santo Tom\u00e1s, y en las \u00c1reas Recreativas de San Francisco de As\u00eds y Quintas de las Haciendas 3.<\/p>\n\n\n\n<p>Los puntos de cobro estar\u00e1n activos en diferentes horarios: de lunes a viernes, de 8:00 de la ma\u00f1ana a 5:00 de la tarde, en las cajas de Blas Escontria y Negrete, y de 9:00 de la ma\u00f1ana a 4:00 de la tarde en las \u00c1reas Recreativas; tambi\u00e9n se trabajar\u00e1 los d\u00edas s\u00e1bados, con un horario de 9:00 de la ma\u00f1ana a 1:00 de la tarde.<\/p>\n\n\n\n<p>Con esta medida, la administraci\u00f3n municipal refuerza su compromiso con el bienestar de las familias y el desarrollo del municipio, asegurando que los recursos recaudados se utilicen en obras y servicios que mejoren la calidad de vida de todos los soledenses.<\/p>\n","protected":false},"excerpt":{"rendered":"<p>En cumplimiento a la directriz del Alcalde, Juan Manuel Navarro Mu\u00f1iz, de fortalecer la cercan\u00eda con la poblaci\u00f3n y brindarle el m\u00e1ximo apoyo, el Ayuntamiento de Soledad de Graciano S\u00e1nchez, alista el comienzo del programa de descuentos en recargos en adeudos del impuesto predial, con descuentos del 100, 60 y 40 por ciento, a trav\u00e9s [&hellip;]<\/p>\n","protected":false},"author":2,"featured_media":12830,"comment_status":"open","ping_status":"open","sticky":false,"template":"","format":"standard","meta":{"footnotes":""},"categories":[24,21],"tags":[223,488,294,261,27],"class_list":{"0":"post-12827","1":"post","2":"type-post","3":"status-publish","4":"format-standard","5":"has-post-thumbnail","7":"category-informacion-general","8":"category-tu-soledad","9":"tag-ayuntamiento-soledense","10":"tag-impuesto-predial","11":"tag-san-luis","12":"tag-slp","13":"tag-soledad"},"_links":{"self":[{"href":"https:\/\/cronicadesoledad.com\/index.php\/wp-json\/wp\/v2\/posts\/12827","targetHints":{"allow":["GET"]}}],"collection":[{"href":"https:\/\/cronicadesoledad.com\/index.php\/wp-json\/wp\/v2\/posts"}],"about":[{"href":"https:\/\/cronicadesoledad.com\/index.php\/wp-json\/wp\/v2\/types\/post"}],"author":[{"embeddable":true,"href":"https:\/\/cronicadesoledad.com\/index.php\/wp-json\/wp\/v2\/users\/2"}],"replies":[{"embeddable":true,"href":"https:\/\/cronicadesoledad.com\/index.php\/wp-json\/wp\/v2\/comments?post=12827"}],"version-history":[{"count":2,"href":"https:\/\/cronicadesoledad.com\/index.php\/wp-json\/wp\/v2\/posts\/12827\/revisions"}],"predecessor-version":[{"id":12831,"href":"https:\/\/cronicadesoledad.com\/index.php\/wp-json\/wp\/v2\/posts\/12827\/revisions\/12831"}],"wp:featuredmedia":[{"embeddable":true,"href":"https:\/\/cronicadesoledad.com\/index.php\/wp-json\/wp\/v2\/media\/12830"}],"wp:attachment":[{"href":"https:\/\/cronicadesoledad.com\/index.php\/wp-json\/wp\/v2\/media?parent=12827"}],"wp:term":[{"taxonomy":"category","embeddable":true,"href":"https:\/\/cronicadesoledad.com\/index.php\/wp-json\/wp\/v2\/categories?post=12827"},{"taxonomy":"post_tag","embeddable":true,"href":"https:\/\/cronicadesoledad.com\/index.php\/wp-json\/wp\/v2\/tags?post=12827"}],"curies":[{"name":"wp","href":"https:\/\/api.w.org\/{rel}","templated":true}]}}