{"id":12856,"date":"2024-10-29T15:33:01","date_gmt":"2024-10-29T21:33:01","guid":{"rendered":"https:\/\/cronicadesoledad.com\/?p=12856"},"modified":"2024-10-29T15:33:02","modified_gmt":"2024-10-29T21:33:02","slug":"soledad-lanza-programa-de-becas-y-despensas-para-estudiantes","status":"publish","type":"post","link":"https:\/\/cronicadesoledad.com\/index.php\/2024\/10\/29\/soledad-lanza-programa-de-becas-y-despensas-para-estudiantes\/","title":{"rendered":"Soledad lanza programa de becas y despensas para estudiantes"},"content":{"rendered":"\n<p>En un esfuerzo por incentivar el rendimiento acad\u00e9mico, el alcalde de Soledad, Juan Manuel Navarro Mu\u00f1iz, present\u00f3 un nuevo programa de apoyo destinado a estudiantes sobresalientes de primaria y secundaria. La iniciativa premiar\u00e1 a aquellos j\u00f3venes que hayan aprobado el ciclo escolar con un promedio m\u00ednimo de 8.5, otorg\u00e1ndoles acceso a becas y despensas durante el ciclo escolar.<\/p>\n\n\n\n<p>Navarro Mu\u00f1iz explic\u00f3 que la convocatoria estar\u00e1 abierta en todas las escuelas del municipio, donde los estudiantes interesados podr\u00e1n inscribirse y participar en el programa. \u201cVamos a acudir a las primarias y secundarias para invitar a todos los ni\u00f1os que hayan pasado de a\u00f1o con promedio de 8.5 para que se inscriban y sean acreedores a este programa,\u201d se\u00f1al\u00f3 el alcalde, subrayando el compromiso de la administraci\u00f3n con el desarrollo educativo de la juventud soledense.<\/p>\n\n\n\n<p>El apoyo contemplar\u00e1 tres entregas a lo largo del ciclo escolar, cada una consistente en una despensa y un est\u00edmulo econ\u00f3mico de 1,000 pesos. Con una meta inicial de 3,000 beneficiarios, el alcalde mencion\u00f3 que se espera un incremento en la participaci\u00f3n ante la alta demanda prevista. La primera entrega est\u00e1 programada para antes de finalizar el a\u00f1o, seguida por una en Semana Santa y una \u00faltima antes del cierre del ciclo escolar.<\/p>\n","protected":false},"excerpt":{"rendered":"<p>En un esfuerzo por incentivar el rendimiento acad\u00e9mico, el alcalde de Soledad, Juan Manuel Navarro Mu\u00f1iz, present\u00f3 un nuevo programa de apoyo destinado a estudiantes sobresalientes de primaria y secundaria. La iniciativa premiar\u00e1 a aquellos j\u00f3venes que hayan aprobado el ciclo escolar con un promedio m\u00ednimo de 8.5, otorg\u00e1ndoles acceso a becas y despensas durante [&hellip;]<\/p>\n","protected":false},"author":2,"featured_media":12857,"comment_status":"open","ping_status":"open","sticky":false,"template":"","format":"standard","meta":{"footnotes":""},"categories":[1,24],"tags":[303,1147,256,2214,1234,294,27],"class_list":{"0":"post-12856","1":"post","2":"type-post","3":"status-publish","4":"format-standard","5":"has-post-thumbnail","7":"category-destacadas","8":"category-informacion-general","9":"tag-becas","10":"tag-despensas","11":"tag-estudiantes","12":"tag-juan-manuel-navaroo-muniz","13":"tag-programa","14":"tag-san-luis","15":"tag-soledad"},"_links":{"self":[{"href":"https:\/\/cronicadesoledad.com\/index.php\/wp-json\/wp\/v2\/posts\/12856","targetHints":{"allow":["GET"]}}],"collection":[{"href":"https:\/\/cronicadesoledad.com\/index.php\/wp-json\/wp\/v2\/posts"}],"about":[{"href":"https:\/\/cronicadesoledad.com\/index.php\/wp-json\/wp\/v2\/types\/post"}],"author":[{"embeddable":true,"href":"https:\/\/cronicadesoledad.com\/index.php\/wp-json\/wp\/v2\/users\/2"}],"replies":[{"embeddable":true,"href":"https:\/\/cronicadesoledad.com\/index.php\/wp-json\/wp\/v2\/comments?post=12856"}],"version-history":[{"count":1,"href":"https:\/\/cronicadesoledad.com\/index.php\/wp-json\/wp\/v2\/posts\/12856\/revisions"}],"predecessor-version":[{"id":12858,"href":"https:\/\/cronicadesoledad.com\/index.php\/wp-json\/wp\/v2\/posts\/12856\/revisions\/12858"}],"wp:featuredmedia":[{"embeddable":true,"href":"https:\/\/cronicadesoledad.com\/index.php\/wp-json\/wp\/v2\/media\/12857"}],"wp:attachment":[{"href":"https:\/\/cronicadesoledad.com\/index.php\/wp-json\/wp\/v2\/media?parent=12856"}],"wp:term":[{"taxonomy":"category","embeddable":true,"href":"https:\/\/cronicadesoledad.com\/index.php\/wp-json\/wp\/v2\/categories?post=12856"},{"taxonomy":"post_tag","embeddable":true,"href":"https:\/\/cronicadesoledad.com\/index.php\/wp-json\/wp\/v2\/tags?post=12856"}],"curies":[{"name":"wp","href":"https:\/\/api.w.org\/{rel}","templated":true}]}}