{"id":12863,"date":"2024-10-29T22:23:38","date_gmt":"2024-10-30T04:23:38","guid":{"rendered":"https:\/\/cronicadesoledad.com\/?p=12863"},"modified":"2024-10-29T22:23:39","modified_gmt":"2024-10-30T04:23:39","slug":"entregaron-limpieza-de-bulevar-valle-de-los-fantasmas","status":"publish","type":"post","link":"https:\/\/cronicadesoledad.com\/index.php\/2024\/10\/29\/entregaron-limpieza-de-bulevar-valle-de-los-fantasmas\/","title":{"rendered":"Entregaron limpieza de bulevar Valle de los Fantasmas"},"content":{"rendered":"\n<p>Como parte del compromiso de estar cerca de las y los soledenses, el Ayuntamiento de Soledad de Graciano S\u00e1nchez, a trav\u00e9s de una intensa movilizaci\u00f3n de sus \u00e1reas operativas, impuls\u00f3 esta semana la limpieza del bulevar Valle de los Fantasmas, logrando recolectar m\u00e1s de 34 toneladas de residuos, con labores de recolecci\u00f3n, deshierbe y barrido manual y con maquinaria.<\/p>\n\n\n\n<p>El director de Servicios Municipales, Antonio Zamarripa Quintero detall\u00f3 que durante los siete d\u00edas que dur\u00f3 la jornada, se intervinieron casi 12 kil\u00f3metros, que comprenden desde la Glorieta Vial &#8220;Benito Ju\u00e1rez&#8221; hasta el Circuito Potos\u00ed, retirando desechos, maleza y tierra acumulada.<\/p>\n\n\n\n<p>&#8220;Iniciamos el pasado lunes por instrucciones del Alcalde, Juan Manuel Navarro, quien, desde el inicio de su administraci\u00f3n, ha manifestado poner en marcha un proyecto de limpieza y mejora de la imagen urbana, que sea permanente y completo&#8221;, dijo el funcionario, al destacar que esto da seguridad vial a miles de automovilistas y peatones diariamente.<\/p>\n\n\n\n<p>Un equipo de 85 trabajadores pertenecientes a distintas \u00e1reas, como Imagen Urbana, Aseo P\u00fablico, Parques y Jardines, as\u00ed como personal de la Secretar\u00eda de Desarrollo Urbano, Vivienda y Obras P\u00fablicas (SEDUVOP), trabajaron en la limpieza integral, demostrando de esta manera el compromiso del Gobierno Municipal por mantener en \u00f3ptimas condiciones esta importante vialidad.<\/p>\n\n\n\n<p>Estas labores forman parte de las acciones del Ayuntamiento para promover espacios p\u00fablicos m\u00e1s seguros, accesibles y agradables, que reflejan el inter\u00e9s del Alcalde, Juan Manuel Navarro Mu\u00f1iz, en promover entornos que contribuyan al bienestar y calidad de vida de las y los soledenses, quienes ahora podr\u00e1n disfrutar de una v\u00eda m\u00e1s limpia y segura.<\/p>\n","protected":false},"excerpt":{"rendered":"<p>Como parte del compromiso de estar cerca de las y los soledenses, el Ayuntamiento de Soledad de Graciano S\u00e1nchez, a trav\u00e9s de una intensa movilizaci\u00f3n de sus \u00e1reas operativas, impuls\u00f3 esta semana la limpieza del bulevar Valle de los Fantasmas, logrando recolectar m\u00e1s de 34 toneladas de residuos, con labores de recolecci\u00f3n, deshierbe y barrido [&hellip;]<\/p>\n","protected":false},"author":2,"featured_media":12864,"comment_status":"open","ping_status":"open","sticky":false,"template":"","format":"standard","meta":{"footnotes":""},"categories":[24,21],"tags":[223,581,294,261,27,1915],"class_list":{"0":"post-12863","1":"post","2":"type-post","3":"status-publish","4":"format-standard","5":"has-post-thumbnail","7":"category-informacion-general","8":"category-tu-soledad","9":"tag-ayuntamiento-soledense","10":"tag-limpieza","11":"tag-san-luis","12":"tag-slp","13":"tag-soledad","14":"tag-valle-de-los-fantasmas"},"_links":{"self":[{"href":"https:\/\/cronicadesoledad.com\/index.php\/wp-json\/wp\/v2\/posts\/12863","targetHints":{"allow":["GET"]}}],"collection":[{"href":"https:\/\/cronicadesoledad.com\/index.php\/wp-json\/wp\/v2\/posts"}],"about":[{"href":"https:\/\/cronicadesoledad.com\/index.php\/wp-json\/wp\/v2\/types\/post"}],"author":[{"embeddable":true,"href":"https:\/\/cronicadesoledad.com\/index.php\/wp-json\/wp\/v2\/users\/2"}],"replies":[{"embeddable":true,"href":"https:\/\/cronicadesoledad.com\/index.php\/wp-json\/wp\/v2\/comments?post=12863"}],"version-history":[{"count":1,"href":"https:\/\/cronicadesoledad.com\/index.php\/wp-json\/wp\/v2\/posts\/12863\/revisions"}],"predecessor-version":[{"id":12865,"href":"https:\/\/cronicadesoledad.com\/index.php\/wp-json\/wp\/v2\/posts\/12863\/revisions\/12865"}],"wp:featuredmedia":[{"embeddable":true,"href":"https:\/\/cronicadesoledad.com\/index.php\/wp-json\/wp\/v2\/media\/12864"}],"wp:attachment":[{"href":"https:\/\/cronicadesoledad.com\/index.php\/wp-json\/wp\/v2\/media?parent=12863"}],"wp:term":[{"taxonomy":"category","embeddable":true,"href":"https:\/\/cronicadesoledad.com\/index.php\/wp-json\/wp\/v2\/categories?post=12863"},{"taxonomy":"post_tag","embeddable":true,"href":"https:\/\/cronicadesoledad.com\/index.php\/wp-json\/wp\/v2\/tags?post=12863"}],"curies":[{"name":"wp","href":"https:\/\/api.w.org\/{rel}","templated":true}]}}