{"id":12920,"date":"2024-11-01T20:00:00","date_gmt":"2024-11-02T02:00:00","guid":{"rendered":"https:\/\/cronicadesoledad.com\/?p=12920"},"modified":"2024-11-01T19:41:45","modified_gmt":"2024-11-02T01:41:45","slug":"soledad-se-consolida-como-destino-cultural","status":"publish","type":"post","link":"https:\/\/cronicadesoledad.com\/index.php\/2024\/11\/01\/soledad-se-consolida-como-destino-cultural\/","title":{"rendered":"Soledad se consolida como destino cultural"},"content":{"rendered":"\n<p>Con una participaci\u00f3n hist\u00f3rica de m\u00e1s de 20 mil personas y una derrama econ\u00f3mica superior a los 8 millones de pesos, Soledad de Graciano S\u00e1nchez ha roto r\u00e9cords de asistencia en sus celebraciones de D\u00eda de Muertos y Xantolo, consolid\u00e1ndose como un referente en el turismo cultural de la regi\u00f3n, anunci\u00f3 el director de Turismo Municipal, Felipe C\u00e1rdenas Quibrera, quien subray\u00f3 que \u00e9sta impresionante asistencia, es el resultado de un esfuerzo conjunto que apuesta por proyectar el municipio al nivel de los grandes destinos culturales del pa\u00eds.<\/p>\n\n\n\n<p>\u201cSoledad rompe r\u00e9cords y demuestra su potencial tur\u00edstico y cultural. Las festividades de D\u00eda de Muertos y Xantolo atrajeron a m\u00e1s de 20 mil personas que se sumaron con entusiasmo a vivir y preservar la tradici\u00f3n. Esto marca el inicio de un plan integral que seguir\u00e1 posicionando a Soledad como un destino vibrante y \u00fanico en San Luis Potos\u00ed y M\u00e9xico\u201d, se\u00f1al\u00f3 C\u00e1rdenas Quibrera.<\/p>\n\n\n\n<p>Dentro de las 30 actividades programadas, la Marcha Zombie fue el evento con mayor convocatoria, reuniendo a m\u00e1s de 7 mil personas en el Centro de Soledad, que se transform\u00f3 en un espacio de expresi\u00f3n cultural y festiva. El Desfile de Xantolo, organizado por la Direcci\u00f3n de Educaci\u00f3n, cautiv\u00f3 a cientos de familias con su homenaje lleno de color y tradici\u00f3n, reafirmando el compromiso del municipio por celebrar y fortalecer sus ra\u00edces.<\/p>\n\n\n\n<p>La juventud soledense tuvo una participaci\u00f3n destacada en las festividades. El recorrido Paranormal, organizado por el Instituto Municipal de la Juventud, atrajo a alrededor de mil 500 personas, brindando una experiencia innovadora y emocionante. Tambi\u00e9n el ciclo de cine de terror, impulsado por la Direcci\u00f3n de Cultura, reuni\u00f3 a numerosos entusiastas del g\u00e9nero, quienes disfrutaron de una atm\u00f3sfera llena de misticismo y tradici\u00f3n.<\/p>\n\n\n\n<p>El Festival Xantolo en la Plaza Principal fue otro de los grandes \u00e9xitos, con la participaci\u00f3n de comparsas y huapangueros que transportaron a los asistentes a la esencia de la cultura huasteca. En la comunidad de Palma de la Cruz, un desfile de carros aleg\u00f3ricos y un concurso de altares atrajeron a m\u00e1s de 800 personas, resaltando el compromiso y creatividad de la comunidad.<\/p>\n\n\n\n<p>\u201cSoledad ha recuperado su identidad como un lugar lleno de historia y tradiciones. Las familias vivieron esta festividad con orgullo, lo que marca un nuevo cap\u00edtulo en nuestra historia. Con el liderazgo del Alcalde Juan Manuel Navarro Mu\u00f1iz, Soledad est\u00e1 encaminada a convertirse en un destino tur\u00edstico cultural de referencia a nivel nacional\u201d, afirm\u00f3 Felipe C\u00e1rdenas.<\/p>\n\n\n\n<p>Este \u00e9xito en la temporada de D\u00eda de Muertos demuestra no solo el poder de la cultura en Soledad, sino tambi\u00e9n la visi\u00f3n de la administraci\u00f3n de Juan Manuel Navarro para impulsar el desarrollo tur\u00edstico del municipio, reafirmando su compromiso de seguir ampliando y diversificando la oferta cultural y tur\u00edstica que pone a Soledad en el mapa cultural de M\u00e9xico.<\/p>\n","protected":false},"excerpt":{"rendered":"<p>Con una participaci\u00f3n hist\u00f3rica de m\u00e1s de 20 mil personas y una derrama econ\u00f3mica superior a los 8 millones de pesos, Soledad de Graciano S\u00e1nchez ha roto r\u00e9cords de asistencia en sus celebraciones de D\u00eda de Muertos y Xantolo, consolid\u00e1ndose como un referente en el turismo cultural de la regi\u00f3n, anunci\u00f3 el director de Turismo [&hellip;]<\/p>\n","protected":false},"author":2,"featured_media":12921,"comment_status":"open","ping_status":"open","sticky":false,"template":"","format":"standard","meta":{"footnotes":""},"categories":[1,24,21],"tags":[223,334,2791,294,261,27,451],"class_list":{"0":"post-12920","1":"post","2":"type-post","3":"status-publish","4":"format-standard","5":"has-post-thumbnail","7":"category-destacadas","8":"category-informacion-general","9":"category-tu-soledad","10":"tag-ayuntamiento-soledense","11":"tag-cultura","12":"tag-dia-de-muertos-3","13":"tag-san-luis","14":"tag-slp","15":"tag-soledad","16":"tag-xantolo"},"_links":{"self":[{"href":"https:\/\/cronicadesoledad.com\/index.php\/wp-json\/wp\/v2\/posts\/12920","targetHints":{"allow":["GET"]}}],"collection":[{"href":"https:\/\/cronicadesoledad.com\/index.php\/wp-json\/wp\/v2\/posts"}],"about":[{"href":"https:\/\/cronicadesoledad.com\/index.php\/wp-json\/wp\/v2\/types\/post"}],"author":[{"embeddable":true,"href":"https:\/\/cronicadesoledad.com\/index.php\/wp-json\/wp\/v2\/users\/2"}],"replies":[{"embeddable":true,"href":"https:\/\/cronicadesoledad.com\/index.php\/wp-json\/wp\/v2\/comments?post=12920"}],"version-history":[{"count":1,"href":"https:\/\/cronicadesoledad.com\/index.php\/wp-json\/wp\/v2\/posts\/12920\/revisions"}],"predecessor-version":[{"id":12922,"href":"https:\/\/cronicadesoledad.com\/index.php\/wp-json\/wp\/v2\/posts\/12920\/revisions\/12922"}],"wp:featuredmedia":[{"embeddable":true,"href":"https:\/\/cronicadesoledad.com\/index.php\/wp-json\/wp\/v2\/media\/12921"}],"wp:attachment":[{"href":"https:\/\/cronicadesoledad.com\/index.php\/wp-json\/wp\/v2\/media?parent=12920"}],"wp:term":[{"taxonomy":"category","embeddable":true,"href":"https:\/\/cronicadesoledad.com\/index.php\/wp-json\/wp\/v2\/categories?post=12920"},{"taxonomy":"post_tag","embeddable":true,"href":"https:\/\/cronicadesoledad.com\/index.php\/wp-json\/wp\/v2\/tags?post=12920"}],"curies":[{"name":"wp","href":"https:\/\/api.w.org\/{rel}","templated":true}]}}