{"id":12970,"date":"2024-11-04T17:39:46","date_gmt":"2024-11-04T23:39:46","guid":{"rendered":"https:\/\/cronicadesoledad.com\/?p=12970"},"modified":"2024-11-04T22:44:13","modified_gmt":"2024-11-05T04:44:13","slug":"navarro-anuncia-reconstruccion-de-escuelas-rurales-en-soledad","status":"publish","type":"post","link":"https:\/\/cronicadesoledad.com\/index.php\/2024\/11\/04\/navarro-anuncia-reconstruccion-de-escuelas-rurales-en-soledad\/","title":{"rendered":"Navarro anuncia reconstrucci\u00f3n de escuelas rurales en Soledad"},"content":{"rendered":"\n<p>El alcalde de Soledad de Graciano S\u00e1nchez, Juan Manuel Navarro Mu\u00f1iz, confirm\u00f3 el inicio de la reconstrucci\u00f3n de la Escuela Primaria \u201cGraciano S\u00e1nchez\u201d en la localidad de Enrique Estrada, con una inversi\u00f3n de m\u00e1s de 15 millones de pesos destinada a la renovaci\u00f3n de aulas, oficinas y \u00e1reas recreativas. Esta escuela opera como primaria en el turno matutino y como preparatoria en el vespertino, ofreciendo a los j\u00f3venes de la comunidad opciones educativas.<\/p>\n\n\n\n<p>El anuncio fue realizado durante la entrega de una nueva aula did\u00e1ctica en la misma instituci\u00f3n, equipada con mobiliario interactivo y ventiladores, beneficiando a 292 estudiantes. Esta obra represent\u00f3 una inversi\u00f3n de cerca de un mill\u00f3n 500 mil pesos. La directora del plantel, Nelly Guadalupe Gonz\u00e1lez Mendoza, coment\u00f3 sobre la importancia de esta mejora para la educaci\u00f3n de calidad.<\/p>\n\n\n\n<p>Adem\u00e1s, el alcalde visit\u00f3 el Jard\u00edn de Ni\u00f1os \u201cGregorio Torres Quintero\u201d, donde se entreg\u00f3 un techado y se rehabilit\u00f3 la plaza c\u00edvica con una inversi\u00f3n de un mill\u00f3n 550 mil pesos, beneficiando a 113 estudiantes. Tambi\u00e9n se anunci\u00f3 la pr\u00f3xima rehabilitaci\u00f3n de juegos infantiles y sanitarios en este plantel.<\/p>\n\n\n\n<p>Estas iniciativas forman parte del plan del alcalde para priorizar la educaci\u00f3n y el bienestar de los j\u00f3venes en el municipio, en colaboraci\u00f3n con el Gobernador Ricardo Gallardo Cardona. Navarro Mu\u00f1iz reafirm\u00f3 su compromiso de construir un futuro en el que todos los ni\u00f1os de Soledad tengan las mismas oportunidades de aprender en instalaciones adecuadas y de trabajar junto a la comunidad para mejorar su calidad de vida.<\/p>\n","protected":false},"excerpt":{"rendered":"<p>El alcalde de Soledad de Graciano S\u00e1nchez, Juan Manuel Navarro Mu\u00f1iz, confirm\u00f3 el inicio de la reconstrucci\u00f3n de la Escuela Primaria \u201cGraciano S\u00e1nchez\u201d en la localidad de Enrique Estrada, con una inversi\u00f3n de m\u00e1s de 15 millones de pesos destinada a la renovaci\u00f3n de aulas, oficinas y \u00e1reas recreativas. Esta escuela opera como primaria en [&hellip;]<\/p>\n","protected":false},"author":2,"featured_media":12971,"comment_status":"open","ping_status":"open","sticky":false,"template":"","format":"standard","meta":{"footnotes":""},"categories":[1,24,21],"tags":[565,1967,2877,2878,294,27],"class_list":{"0":"post-12970","1":"post","2":"type-post","3":"status-publish","4":"format-standard","5":"has-post-thumbnail","7":"category-destacadas","8":"category-informacion-general","9":"category-tu-soledad","10":"tag-escuelas","11":"tag-juan-manuel-navarro","12":"tag-reconstruccion","13":"tag-rurales","14":"tag-san-luis","15":"tag-soledad"},"_links":{"self":[{"href":"https:\/\/cronicadesoledad.com\/index.php\/wp-json\/wp\/v2\/posts\/12970","targetHints":{"allow":["GET"]}}],"collection":[{"href":"https:\/\/cronicadesoledad.com\/index.php\/wp-json\/wp\/v2\/posts"}],"about":[{"href":"https:\/\/cronicadesoledad.com\/index.php\/wp-json\/wp\/v2\/types\/post"}],"author":[{"embeddable":true,"href":"https:\/\/cronicadesoledad.com\/index.php\/wp-json\/wp\/v2\/users\/2"}],"replies":[{"embeddable":true,"href":"https:\/\/cronicadesoledad.com\/index.php\/wp-json\/wp\/v2\/comments?post=12970"}],"version-history":[{"count":1,"href":"https:\/\/cronicadesoledad.com\/index.php\/wp-json\/wp\/v2\/posts\/12970\/revisions"}],"predecessor-version":[{"id":12972,"href":"https:\/\/cronicadesoledad.com\/index.php\/wp-json\/wp\/v2\/posts\/12970\/revisions\/12972"}],"wp:featuredmedia":[{"embeddable":true,"href":"https:\/\/cronicadesoledad.com\/index.php\/wp-json\/wp\/v2\/media\/12971"}],"wp:attachment":[{"href":"https:\/\/cronicadesoledad.com\/index.php\/wp-json\/wp\/v2\/media?parent=12970"}],"wp:term":[{"taxonomy":"category","embeddable":true,"href":"https:\/\/cronicadesoledad.com\/index.php\/wp-json\/wp\/v2\/categories?post=12970"},{"taxonomy":"post_tag","embeddable":true,"href":"https:\/\/cronicadesoledad.com\/index.php\/wp-json\/wp\/v2\/tags?post=12970"}],"curies":[{"name":"wp","href":"https:\/\/api.w.org\/{rel}","templated":true}]}}