{"id":12976,"date":"2024-11-04T23:00:00","date_gmt":"2024-11-05T05:00:00","guid":{"rendered":"https:\/\/cronicadesoledad.com\/?p=12976"},"modified":"2024-11-04T22:48:02","modified_gmt":"2024-11-05T04:48:02","slug":"recolectaron-16-toneladas-de-desechos-en-visita-a-panteones-municipales","status":"publish","type":"post","link":"https:\/\/cronicadesoledad.com\/index.php\/2024\/11\/04\/recolectaron-16-toneladas-de-desechos-en-visita-a-panteones-municipales\/","title":{"rendered":"Recolectaron 16 toneladas de desechos en visita a panteones municipales\u00a0"},"content":{"rendered":"\n<p>Tras la significativa afluencia de visitantes a los panteones municipales \u201cNuestra Se\u00f1ora del Refugio\u201d y \u201cEl Se\u00f1or de la Misericordia\u201d, durante los d\u00edas 1, 2 y 3 de noviembre, el Ayuntamiento de Soledad de Graciano S\u00e1nchez implement\u00f3 un operativo especial de limpieza para retirar la basura generada durante la estancia de las familias que acudieron a honrar a sus seres queridos en la festividad del D\u00eda de Muertos.<\/p>\n\n\n\n<p>El director de Servicios Municipales, Antonio Zamarripa Quintero inform\u00f3 que, en conjunto, los dos Panteones municipales acumularon aproximadamente 16 toneladas de basura durante los tres d\u00edas, resultado del intenso flujo de personas y de los comercios que ofrecieron flores, alimentos y art\u00edculos referentes a esta conmemoraci\u00f3n.<\/p>\n\n\n\n<p>\u201cYa hab\u00edamos realizado un mantenimiento previo para retirar la basura acumulada, pero el volumen de desechos que se gener\u00f3 entre el comercio y las flores que se llevaron al pante\u00f3n es considerable, estimado en unas 15 a 20 toneladas en estos d\u00edas\u201d, destac\u00f3 Zamarripa.<\/p>\n\n\n\n<p>El operativo de limpieza no se limit\u00f3 a los recintos funerarios; el equipo de la Direcci\u00f3n de Servicios Municipales extendi\u00f3 la recolecci\u00f3n de desechos a las zonas aleda\u00f1as, frente al Pante\u00f3n en la colonia El Morro, en donde se recolect\u00f3 una tonelada de residuos en la v\u00eda p\u00fablica, logrando as\u00ed mejor el aspecto de los accesos y una salida m\u00e1s ordenada para las y los visitantes.<\/p>\n","protected":false},"excerpt":{"rendered":"<p>Tras la significativa afluencia de visitantes a los panteones municipales \u201cNuestra Se\u00f1ora del Refugio\u201d y \u201cEl Se\u00f1or de la Misericordia\u201d, durante los d\u00edas 1, 2 y 3 de noviembre, el Ayuntamiento de Soledad de Graciano S\u00e1nchez implement\u00f3 un operativo especial de limpieza para retirar la basura generada durante la estancia de las familias que acudieron [&hellip;]<\/p>\n","protected":false},"author":2,"featured_media":12977,"comment_status":"open","ping_status":"open","sticky":false,"template":"","format":"standard","meta":{"footnotes":""},"categories":[24,21],"tags":[223,1474,2137,528,294,261,27],"class_list":{"0":"post-12976","1":"post","2":"type-post","3":"status-publish","4":"format-standard","5":"has-post-thumbnail","7":"category-informacion-general","8":"category-tu-soledad","9":"tag-ayuntamiento-soledense","10":"tag-desechos","11":"tag-ecologia-2","12":"tag-panteones","13":"tag-san-luis","14":"tag-slp","15":"tag-soledad"},"_links":{"self":[{"href":"https:\/\/cronicadesoledad.com\/index.php\/wp-json\/wp\/v2\/posts\/12976","targetHints":{"allow":["GET"]}}],"collection":[{"href":"https:\/\/cronicadesoledad.com\/index.php\/wp-json\/wp\/v2\/posts"}],"about":[{"href":"https:\/\/cronicadesoledad.com\/index.php\/wp-json\/wp\/v2\/types\/post"}],"author":[{"embeddable":true,"href":"https:\/\/cronicadesoledad.com\/index.php\/wp-json\/wp\/v2\/users\/2"}],"replies":[{"embeddable":true,"href":"https:\/\/cronicadesoledad.com\/index.php\/wp-json\/wp\/v2\/comments?post=12976"}],"version-history":[{"count":1,"href":"https:\/\/cronicadesoledad.com\/index.php\/wp-json\/wp\/v2\/posts\/12976\/revisions"}],"predecessor-version":[{"id":12978,"href":"https:\/\/cronicadesoledad.com\/index.php\/wp-json\/wp\/v2\/posts\/12976\/revisions\/12978"}],"wp:featuredmedia":[{"embeddable":true,"href":"https:\/\/cronicadesoledad.com\/index.php\/wp-json\/wp\/v2\/media\/12977"}],"wp:attachment":[{"href":"https:\/\/cronicadesoledad.com\/index.php\/wp-json\/wp\/v2\/media?parent=12976"}],"wp:term":[{"taxonomy":"category","embeddable":true,"href":"https:\/\/cronicadesoledad.com\/index.php\/wp-json\/wp\/v2\/categories?post=12976"},{"taxonomy":"post_tag","embeddable":true,"href":"https:\/\/cronicadesoledad.com\/index.php\/wp-json\/wp\/v2\/tags?post=12976"}],"curies":[{"name":"wp","href":"https:\/\/api.w.org\/{rel}","templated":true}]}}