{"id":12980,"date":"2024-11-05T14:54:06","date_gmt":"2024-11-05T20:54:06","guid":{"rendered":"https:\/\/cronicadesoledad.com\/?p=12980"},"modified":"2024-11-05T14:54:06","modified_gmt":"2024-11-05T20:54:06","slug":"soledad-reforzara-medidas-contra-camiones-de-carga-en-el-rio-santiago","status":"publish","type":"post","link":"https:\/\/cronicadesoledad.com\/index.php\/2024\/11\/05\/soledad-reforzara-medidas-contra-camiones-de-carga-en-el-rio-santiago\/","title":{"rendered":"Soledad reforzar\u00e1 medidas contra camiones de carga en el R\u00edo Santiago"},"content":{"rendered":"\n<p>Ante los recurrentes accidentes ocasionados por veh\u00edculos de carga en la vialidad del R\u00edo Santiago, el alcalde de Soledad de Graciano S\u00e1nchez, Juan Manuel Navarro Mu\u00f1iz, anunci\u00f3 que se implementar\u00e1n medidas m\u00e1s estrictas para evitar que estos veh\u00edculos accedan a la zona y da\u00f1en las estructuras de los puentes.<\/p>\n\n\n\n<p>Navarro explic\u00f3 que, a pesar de la instalaci\u00f3n de porter\u00edas y se\u00f1alizaci\u00f3n en el acceso desde la lateral de la carretera a Matehuala, algunos conductores de tr\u00e1ileres siguen ingresando, guiados por sistemas de GPS que omiten las restricciones de altura. Esta situaci\u00f3n ha provocado incidentes en los que los camiones quedan atorados bajo los puentes, da\u00f1ando las estructuras y poniendo en riesgo a otros conductores.<\/p>\n\n\n\n<p>El alcalde tambi\u00e9n destac\u00f3 que el puente de acceso a la colonia San Felipe es uno de los m\u00e1s afectados. Para prevenir m\u00e1s da\u00f1os y colapsos de tr\u00e1fico, Navarro indic\u00f3 que se fortalecer\u00e1 la presencia de autoridades de tr\u00e1nsito en la zona, buscando reducir la entrada de camiones de carga y proteger las vialidades y la seguridad de los habitantes de Soledad de Graciano S\u00e1nchez.<\/p>\n","protected":false},"excerpt":{"rendered":"<p>Ante los recurrentes accidentes ocasionados por veh\u00edculos de carga en la vialidad del R\u00edo Santiago, el alcalde de Soledad de Graciano S\u00e1nchez, Juan Manuel Navarro Mu\u00f1iz, anunci\u00f3 que se implementar\u00e1n medidas m\u00e1s estrictas para evitar que estos veh\u00edculos accedan a la zona y da\u00f1en las estructuras de los puentes. Navarro explic\u00f3 que, a pesar de [&hellip;]<\/p>\n","protected":false},"author":2,"featured_media":12981,"comment_status":"open","ping_status":"open","sticky":false,"template":"","format":"standard","meta":{"footnotes":""},"categories":[1,24],"tags":[2813,1967,1772,294,261,27],"class_list":{"0":"post-12980","1":"post","2":"type-post","3":"status-publish","4":"format-standard","5":"has-post-thumbnail","7":"category-destacadas","8":"category-informacion-general","9":"tag-camiones","10":"tag-juan-manuel-navarro","11":"tag-rio-santiago","12":"tag-san-luis","13":"tag-slp","14":"tag-soledad"},"_links":{"self":[{"href":"https:\/\/cronicadesoledad.com\/index.php\/wp-json\/wp\/v2\/posts\/12980","targetHints":{"allow":["GET"]}}],"collection":[{"href":"https:\/\/cronicadesoledad.com\/index.php\/wp-json\/wp\/v2\/posts"}],"about":[{"href":"https:\/\/cronicadesoledad.com\/index.php\/wp-json\/wp\/v2\/types\/post"}],"author":[{"embeddable":true,"href":"https:\/\/cronicadesoledad.com\/index.php\/wp-json\/wp\/v2\/users\/2"}],"replies":[{"embeddable":true,"href":"https:\/\/cronicadesoledad.com\/index.php\/wp-json\/wp\/v2\/comments?post=12980"}],"version-history":[{"count":1,"href":"https:\/\/cronicadesoledad.com\/index.php\/wp-json\/wp\/v2\/posts\/12980\/revisions"}],"predecessor-version":[{"id":12982,"href":"https:\/\/cronicadesoledad.com\/index.php\/wp-json\/wp\/v2\/posts\/12980\/revisions\/12982"}],"wp:featuredmedia":[{"embeddable":true,"href":"https:\/\/cronicadesoledad.com\/index.php\/wp-json\/wp\/v2\/media\/12981"}],"wp:attachment":[{"href":"https:\/\/cronicadesoledad.com\/index.php\/wp-json\/wp\/v2\/media?parent=12980"}],"wp:term":[{"taxonomy":"category","embeddable":true,"href":"https:\/\/cronicadesoledad.com\/index.php\/wp-json\/wp\/v2\/categories?post=12980"},{"taxonomy":"post_tag","embeddable":true,"href":"https:\/\/cronicadesoledad.com\/index.php\/wp-json\/wp\/v2\/tags?post=12980"}],"curies":[{"name":"wp","href":"https:\/\/api.w.org\/{rel}","templated":true}]}}