{"id":12995,"date":"2024-11-05T21:30:00","date_gmt":"2024-11-06T03:30:00","guid":{"rendered":"https:\/\/cronicadesoledad.com\/?p=12995"},"modified":"2024-11-05T19:28:30","modified_gmt":"2024-11-06T01:28:30","slug":"tipo-es-detenido-por-homicidio","status":"publish","type":"post","link":"https:\/\/cronicadesoledad.com\/index.php\/2024\/11\/05\/tipo-es-detenido-por-homicidio\/","title":{"rendered":"Tipo es detenido por homicidio"},"content":{"rendered":"\n<p>Agentes de la Fiscal\u00eda General del Estado de San Luis Potos\u00ed (FGESLP), notificaron a Edgar \u201cN\u201d de un nuevo proceso penal derivado a su probable responsabilidad en el delito de homicidio calificado de consumaci\u00f3n tentada, tras un suceso que se present\u00f3 en Soledad de Graciano S\u00e1nchez.<\/p>\n\n\n\n<p>Los hechos ocurrieron el 3 de julio de 2021, en calles de la colonia Rancho Pav\u00f3n, cuando una pareja y su hijo viajaban en un veh\u00edculo y fueron atacados con disparos de arma de fuego, siendo la \u00faltima persona la que perder\u00eda la vida a causa de las lesiones recibidas.<\/p>\n\n\n\n<p>Al indagar sobre este suceso, la FGESLP determin\u00f3 la identidad del se\u00f1alado como un presunto part\u00edcipe, por lo que se promovi\u00f3 respectivamente la orden de aprehensi\u00f3n en contra de esta persona.<\/p>\n\n\n\n<p>Asimismo, la Polic\u00eda de Investigaci\u00f3n (PDI) se dispuso a cumplimentar el mandato; no obstante, los elementos determinaron que el sujeto buscado ya estaba recluido en el penal de la capital potosina por otro delito.<\/p>\n\n\n\n<p>Ante ello, la PDI le notific\u00f3 a Edgar \u201cN\u201d que en las pr\u00f3ximas horas se realizar\u00e1 la audiencia inicial, en la que deber\u00e1 estar presente para enfrentar ahora el delito de homicidio calificado de consumaci\u00f3n tentada.<\/p>\n","protected":false},"excerpt":{"rendered":"<p>Agentes de la Fiscal\u00eda General del Estado de San Luis Potos\u00ed (FGESLP), notificaron a Edgar \u201cN\u201d de un nuevo proceso penal derivado a su probable responsabilidad en el delito de homicidio calificado de consumaci\u00f3n tentada, tras un suceso que se present\u00f3 en Soledad de Graciano S\u00e1nchez. Los hechos ocurrieron el 3 de julio de 2021, [&hellip;]<\/p>\n","protected":false},"author":2,"featured_media":12535,"comment_status":"open","ping_status":"open","sticky":false,"template":"","format":"standard","meta":{"footnotes":""},"categories":[24,19],"tags":[473,1512,294,276,261,27],"class_list":{"0":"post-12995","1":"post","2":"type-post","3":"status-publish","4":"format-standard","5":"has-post-thumbnail","7":"category-informacion-general","8":"category-seguridad","9":"tag-fgeslp","10":"tag-homicidio","11":"tag-san-luis","12":"tag-seguridad","13":"tag-slp","14":"tag-soledad"},"_links":{"self":[{"href":"https:\/\/cronicadesoledad.com\/index.php\/wp-json\/wp\/v2\/posts\/12995","targetHints":{"allow":["GET"]}}],"collection":[{"href":"https:\/\/cronicadesoledad.com\/index.php\/wp-json\/wp\/v2\/posts"}],"about":[{"href":"https:\/\/cronicadesoledad.com\/index.php\/wp-json\/wp\/v2\/types\/post"}],"author":[{"embeddable":true,"href":"https:\/\/cronicadesoledad.com\/index.php\/wp-json\/wp\/v2\/users\/2"}],"replies":[{"embeddable":true,"href":"https:\/\/cronicadesoledad.com\/index.php\/wp-json\/wp\/v2\/comments?post=12995"}],"version-history":[{"count":1,"href":"https:\/\/cronicadesoledad.com\/index.php\/wp-json\/wp\/v2\/posts\/12995\/revisions"}],"predecessor-version":[{"id":12996,"href":"https:\/\/cronicadesoledad.com\/index.php\/wp-json\/wp\/v2\/posts\/12995\/revisions\/12996"}],"wp:featuredmedia":[{"embeddable":true,"href":"https:\/\/cronicadesoledad.com\/index.php\/wp-json\/wp\/v2\/media\/12535"}],"wp:attachment":[{"href":"https:\/\/cronicadesoledad.com\/index.php\/wp-json\/wp\/v2\/media?parent=12995"}],"wp:term":[{"taxonomy":"category","embeddable":true,"href":"https:\/\/cronicadesoledad.com\/index.php\/wp-json\/wp\/v2\/categories?post=12995"},{"taxonomy":"post_tag","embeddable":true,"href":"https:\/\/cronicadesoledad.com\/index.php\/wp-json\/wp\/v2\/tags?post=12995"}],"curies":[{"name":"wp","href":"https:\/\/api.w.org\/{rel}","templated":true}]}}