{"id":13077,"date":"2024-11-12T20:30:00","date_gmt":"2024-11-13T02:30:00","guid":{"rendered":"https:\/\/cronicadesoledad.com\/?p=13077"},"modified":"2024-11-12T19:05:41","modified_gmt":"2024-11-13T01:05:41","slug":"celebraron-el-dia-nacional-del-libro","status":"publish","type":"post","link":"https:\/\/cronicadesoledad.com\/index.php\/2024\/11\/12\/celebraron-el-dia-nacional-del-libro\/","title":{"rendered":"Celebraron el D\u00eda Nacional del Libro"},"content":{"rendered":"\n<p>El Ayuntamiento de Soledad de Graciano S\u00e1nchez, a trav\u00e9s de la Coordinaci\u00f3n Municipal de Bibliotecas, celebr\u00f3 este 12 de noviembre el \u201cD\u00eda Nacional del Libro\u201d, instituido desde el a\u00f1o 1979, subrayando la relevancia de que la lectura est\u00e9 en cada espacio de la vida social y sea herramienta esencial para las y los estudiantes, que motive el desarrollo intelectual y personal de la ciudadan\u00eda.<\/p>\n\n\n\n<p>El acto comenz\u00f3 con una emotiva lectura de una semblanza sobre Sor Juana In\u00e9s de la Cruz en conmemoraci\u00f3n del 376 aniversario de su natalicio, realizada por la peque\u00f1a, Camila Rodr\u00edguez, quien resalt\u00f3 su legado literario y su lucha por el derecho al conocimiento, en un momento que record\u00f3 la figura trascendental de la escritora mexicana en la historia literaria y su incansable defensa del acceso a la educaci\u00f3n.<\/p>\n\n\n\n<p>Guadalupe Cort\u00e9s, coordinadora de Bibliotecas del municipio, agradeci\u00f3 a las y los presentes por unirse a esta celebraci\u00f3n y expres\u00f3 su esperanza de seguir fomentando la lectura en las y los soledenses; en su intervenci\u00f3n, destac\u00f3 los m\u00faltiples beneficios de la lectura constante, tales como la mejora en la concentraci\u00f3n, el desarrollo del pensamiento l\u00f3gico y el fortalecimiento de la empat\u00eda y la creatividad. \u201cLa lectura como aliada, nos permite adentrarnos en mundos nuevos y abre un sinf\u00edn de conocimientos que fortalece nuestra visi\u00f3n y manera de percibir nuestra realidad; los invito a ser amigos de los libros y caminar con ellos\u201d, dijo.<\/p>\n\n\n\n<p>Jos\u00e9 Antonio Salazar Vizca\u00edno, invitado especial, ofreci\u00f3 una presentaci\u00f3n de un cuento dirigido a los estudiantes de la escuela secundaria \u201cIgnacio Manuel Altamirano\u201d y la escuela primaria \u201cFrancisco Mungu\u00eda\u201d, seguido de una actividad did\u00e1ctica con la finalidad de reforzar el amor por los libros y motivar la participaci\u00f3n activa de los peque\u00f1os en el mundo de la lectura.<\/p>\n\n\n\n<p>Al evento asistieron: Amado Juan S\u00e1nchez Cabrera, Cronista Municipal; Felipe C\u00e1rdenas Quibrera, director de Turismo Municipal; Claudia Teresa Salas, coordinadora de Promoci\u00f3n Ciudadana; Gerardo Sandate Padilla, representante de la Red Estatal de Bibliotecas; Federico Balderas, representante de la SEER, quienes mostraron su apoyo a esta iniciativa cultural que contin\u00faa impulsando la educaci\u00f3n y el acceso al conocimiento en Soledad de Graciano S\u00e1nchez.<\/p>\n","protected":false},"excerpt":{"rendered":"<p>El Ayuntamiento de Soledad de Graciano S\u00e1nchez, a trav\u00e9s de la Coordinaci\u00f3n Municipal de Bibliotecas, celebr\u00f3 este 12 de noviembre el \u201cD\u00eda Nacional del Libro\u201d, instituido desde el a\u00f1o 1979, subrayando la relevancia de que la lectura est\u00e9 en cada espacio de la vida social y sea herramienta esencial para las y los estudiantes, que [&hellip;]<\/p>\n","protected":false},"author":2,"featured_media":13078,"comment_status":"open","ping_status":"open","sticky":false,"template":"","format":"standard","meta":{"footnotes":""},"categories":[1,24,21],"tags":[223,2897,1130,294,261,27],"class_list":{"0":"post-13077","1":"post","2":"type-post","3":"status-publish","4":"format-standard","5":"has-post-thumbnail","7":"category-destacadas","8":"category-informacion-general","9":"category-tu-soledad","10":"tag-ayuntamiento-soledense","11":"tag-dia-nacional-del-libro-2","12":"tag-lectura","13":"tag-san-luis","14":"tag-slp","15":"tag-soledad"},"_links":{"self":[{"href":"https:\/\/cronicadesoledad.com\/index.php\/wp-json\/wp\/v2\/posts\/13077","targetHints":{"allow":["GET"]}}],"collection":[{"href":"https:\/\/cronicadesoledad.com\/index.php\/wp-json\/wp\/v2\/posts"}],"about":[{"href":"https:\/\/cronicadesoledad.com\/index.php\/wp-json\/wp\/v2\/types\/post"}],"author":[{"embeddable":true,"href":"https:\/\/cronicadesoledad.com\/index.php\/wp-json\/wp\/v2\/users\/2"}],"replies":[{"embeddable":true,"href":"https:\/\/cronicadesoledad.com\/index.php\/wp-json\/wp\/v2\/comments?post=13077"}],"version-history":[{"count":1,"href":"https:\/\/cronicadesoledad.com\/index.php\/wp-json\/wp\/v2\/posts\/13077\/revisions"}],"predecessor-version":[{"id":13079,"href":"https:\/\/cronicadesoledad.com\/index.php\/wp-json\/wp\/v2\/posts\/13077\/revisions\/13079"}],"wp:featuredmedia":[{"embeddable":true,"href":"https:\/\/cronicadesoledad.com\/index.php\/wp-json\/wp\/v2\/media\/13078"}],"wp:attachment":[{"href":"https:\/\/cronicadesoledad.com\/index.php\/wp-json\/wp\/v2\/media?parent=13077"}],"wp:term":[{"taxonomy":"category","embeddable":true,"href":"https:\/\/cronicadesoledad.com\/index.php\/wp-json\/wp\/v2\/categories?post=13077"},{"taxonomy":"post_tag","embeddable":true,"href":"https:\/\/cronicadesoledad.com\/index.php\/wp-json\/wp\/v2\/tags?post=13077"}],"curies":[{"name":"wp","href":"https:\/\/api.w.org\/{rel}","templated":true}]}}