{"id":13092,"date":"2024-11-13T20:30:55","date_gmt":"2024-11-14T02:30:55","guid":{"rendered":"https:\/\/cronicadesoledad.com\/?p=13092"},"modified":"2024-11-13T20:30:55","modified_gmt":"2024-11-14T02:30:55","slug":"nuevo-techado-en-primaria-da-seguridad-y-bienestar-a-los-alumnos","status":"publish","type":"post","link":"https:\/\/cronicadesoledad.com\/index.php\/2024\/11\/13\/nuevo-techado-en-primaria-da-seguridad-y-bienestar-a-los-alumnos\/","title":{"rendered":"Nuevo techado en primaria da seguridad y bienestar a los alumnos"},"content":{"rendered":"\n<p>Con gran entusiasmo y gratitud, las y los padres de familia y directivos de la escuela primaria \u201cValent\u00edn G\u00f3mez Far\u00edas\u201d y \u201cVicente Guerrero\u201d de la colonia Rancho Nuevo, celebraron la entrega de un techado que beneficiar\u00e1 a m\u00e1s de 540 alumnas y alumnos de los turnos matutino y vespertino; la infraestructura, impulsada por el Gobierno Municipal de Soledad de Graciano S\u00e1nchez, es la respuesta al compromiso establecido por el Alcalde, Juan Manuel Navarro Mu\u00f1iz, de estar cerca de las necesidades de la poblaci\u00f3n, y se suma al esfuerzo de la actual administraci\u00f3n para mejorar la calidad de los espacios educativos en el municipio.<\/p>\n\n\n\n<p>Araceli Quesada Ram\u00edrez, directora del plantel, destac\u00f3 que este techado va a servir para que las y los ni\u00f1os puedan hacer sus actividades bajo resguardo del clima. \u201cLa calidad de la obra es excelente y nos han dado la buena noticia de que tambi\u00e9n se construir\u00e1n nuevos comedores, lo cual es una necesidad para los peque\u00f1os, especialmente los de primero y segundo grado, estamos profundamente agradecidos con el apoyo recibido\u201d.<\/p>\n\n\n\n<p>Por su parte, Alejandra Vel\u00e1zquez, presidenta de la Asociaci\u00f3n de Padres de Familia del turno matutino, expres\u00f3 su reconocimiento: \u201cgracias al Licenciado Navarro por esta obra que beneficiar\u00e1 a ni\u00f1os y ni\u00f1as, tambi\u00e9n estamos emocionados por los comedores que se construir\u00e1n, que, junto con el techado, mejorar\u00e1n la experiencia educativa de nuestros hijos\u201d.<\/p>\n\n\n\n<p>Miriam Hern\u00e1ndez Rivera, docente de la escuela, tambi\u00e9n resalt\u00f3 el impacto de la obra: \u201cantes, nuestras actividades se realizaban bajo el sol o la lluvia, lo que dificultaba mucho el trabajo, con el techado, la escuela ha cambiado, y los salones se ven m\u00e1s frescos y adecuados para los estudiantes, es una mejora significativa\u201d.<\/p>\n\n\n\n<p>Los estudiantes del turno vespertino tambi\u00e9n se beneficiar\u00e1n de este nuevo espacio, como lo mencion\u00f3 Monserrat Fuentes, quien explic\u00f3: \u201ceste techado es muy importante porque antes, durante las clases de educaci\u00f3n f\u00edsica, los ni\u00f1os sufr\u00edan mucho con el sol, ahora podr\u00e1n participar sin problemas, y tambi\u00e9n podremos trabajar de forma m\u00e1s c\u00f3moda con ellos\u201d.<\/p>\n\n\n\n<p>La obra representa un avance importante dentro del compromiso del Gobierno Municipal para mejorar 100 planteles escolares durante esta administraci\u00f3n, lo que permitir\u00e1 ofrecer espacios m\u00e1s dignos y adecuados para la formaci\u00f3n de las y los estudiantes de Soledad de Graciano S\u00e1nchez.<\/p>\n","protected":false},"excerpt":{"rendered":"<p>Con gran entusiasmo y gratitud, las y los padres de familia y directivos de la escuela primaria \u201cValent\u00edn G\u00f3mez Far\u00edas\u201d y \u201cVicente Guerrero\u201d de la colonia Rancho Nuevo, celebraron la entrega de un techado que beneficiar\u00e1 a m\u00e1s de 540 alumnas y alumnos de los turnos matutino y vespertino; la infraestructura, impulsada por el Gobierno [&hellip;]<\/p>\n","protected":false},"author":2,"featured_media":13093,"comment_status":"open","ping_status":"open","sticky":false,"template":"","format":"standard","meta":{"footnotes":""},"categories":[1,24,21],"tags":[1968,223,1888,2024,1967,871,294,261,27,2892],"class_list":{"0":"post-13092","1":"post","2":"type-post","3":"status-publish","4":"format-standard","5":"has-post-thumbnail","7":"category-destacadas","8":"category-informacion-general","9":"category-tu-soledad","10":"tag-alcalde","11":"tag-ayuntamiento-soledense","12":"tag-educacion-2","13":"tag-escuela","14":"tag-juan-manuel-navarro","15":"tag-primaria","16":"tag-san-luis","17":"tag-slp","18":"tag-soledad","19":"tag-techado"},"_links":{"self":[{"href":"https:\/\/cronicadesoledad.com\/index.php\/wp-json\/wp\/v2\/posts\/13092","targetHints":{"allow":["GET"]}}],"collection":[{"href":"https:\/\/cronicadesoledad.com\/index.php\/wp-json\/wp\/v2\/posts"}],"about":[{"href":"https:\/\/cronicadesoledad.com\/index.php\/wp-json\/wp\/v2\/types\/post"}],"author":[{"embeddable":true,"href":"https:\/\/cronicadesoledad.com\/index.php\/wp-json\/wp\/v2\/users\/2"}],"replies":[{"embeddable":true,"href":"https:\/\/cronicadesoledad.com\/index.php\/wp-json\/wp\/v2\/comments?post=13092"}],"version-history":[{"count":1,"href":"https:\/\/cronicadesoledad.com\/index.php\/wp-json\/wp\/v2\/posts\/13092\/revisions"}],"predecessor-version":[{"id":13094,"href":"https:\/\/cronicadesoledad.com\/index.php\/wp-json\/wp\/v2\/posts\/13092\/revisions\/13094"}],"wp:featuredmedia":[{"embeddable":true,"href":"https:\/\/cronicadesoledad.com\/index.php\/wp-json\/wp\/v2\/media\/13093"}],"wp:attachment":[{"href":"https:\/\/cronicadesoledad.com\/index.php\/wp-json\/wp\/v2\/media?parent=13092"}],"wp:term":[{"taxonomy":"category","embeddable":true,"href":"https:\/\/cronicadesoledad.com\/index.php\/wp-json\/wp\/v2\/categories?post=13092"},{"taxonomy":"post_tag","embeddable":true,"href":"https:\/\/cronicadesoledad.com\/index.php\/wp-json\/wp\/v2\/tags?post=13092"}],"curies":[{"name":"wp","href":"https:\/\/api.w.org\/{rel}","templated":true}]}}