{"id":13121,"date":"2024-11-14T22:30:00","date_gmt":"2024-11-15T04:30:00","guid":{"rendered":"https:\/\/cronicadesoledad.com\/?p=13121"},"modified":"2024-11-14T19:36:25","modified_gmt":"2024-11-15T01:36:25","slug":"detuvieron-a-objetivo-prioritario-por-robo-a-comercio","status":"publish","type":"post","link":"https:\/\/cronicadesoledad.com\/index.php\/2024\/11\/14\/detuvieron-a-objetivo-prioritario-por-robo-a-comercio\/","title":{"rendered":"Detuvieron a objetivo prioritario por robo a comercio"},"content":{"rendered":"\n<p>Derivado de labores que tiene el objetivo de garantizar la paz social en la demarcaci\u00f3n, agentes de Seguridad P\u00fablica de Soledad de Graciano S\u00e1nchez detuvieron a un hombre por presunto robo a comercio y portaci\u00f3n de arma blanca, quien adem\u00e1s contaba con reportes por robo a tiendas de conveniencia, esto en la Cabecera municipal.<\/p>\n\n\n\n<p>Durante un trayecto preventivo que polic\u00edas soledenses desplegaban sobre las calles Negrete y Galeana en Cabecera municipal, observaron que de una tienda de conveniencia sali\u00f3 corriendo un individuo, y atr\u00e1s de \u00e9l la responsable del establecimiento quien pidi\u00f3 apoyo de la autoridad para alcanzar al sujeto.<\/p>\n\n\n\n<p>Los servidores p\u00fablicos lograron darle alcance de manera inmediata al sospechoso, quien llevaba en sus manos bebidas embriagantes y botana, y luego de entrevistarlo se identific\u00f3 como Azael &#8220;N&#8221;, a quien se le encontr\u00f3 un objeto punzo cortante similar a un cuchillo, mismo que fue consultado en Plataforma M\u00e9xico ya que cumpl\u00eda con las caracter\u00edsticas de un presunto objetivo prioritario con reportes de robo a tiendas de conveniencia.<\/p>\n\n\n\n<p>El resultado de la b\u00fasqueda confirm\u00f3 que se trataba del sujeto con antecedentes de los presuntos robos, al mismo tiempo se present\u00f3 la parte afectada y se\u00f1al\u00f3 que sustrajo los art\u00edculos sin pagar, y manifest\u00f3 su deseo para proceder legalmente en su contra.<\/p>\n\n\n\n<p>De inmediato se le dijo que ser\u00eda detenido por presunto robo a comercio y portaci\u00f3n de arma blanca y se le hizo saber los derechos que la ley le concede; el infractor fue llevado a Barandilla Municipal donde lo certific\u00f3 el m\u00e9dico legista, y luego fue puesto a disposici\u00f3n de la Fiscal\u00eda General del Estado de San Luis Potos\u00ed (FGESLP), donde le dar\u00e1n a conocer su situaci\u00f3n legal.<\/p>\n","protected":false},"excerpt":{"rendered":"<p>Derivado de labores que tiene el objetivo de garantizar la paz social en la demarcaci\u00f3n, agentes de Seguridad P\u00fablica de Soledad de Graciano S\u00e1nchez detuvieron a un hombre por presunto robo a comercio y portaci\u00f3n de arma blanca, quien adem\u00e1s contaba con reportes por robo a tiendas de conveniencia, esto en la Cabecera municipal. Durante [&hellip;]<\/p>\n","protected":false},"author":2,"featured_media":13119,"comment_status":"open","ping_status":"open","sticky":false,"template":"","format":"standard","meta":{"footnotes":""},"categories":[24,19],"tags":[1503,913,294,276,261,27],"class_list":{"0":"post-13121","1":"post","2":"type-post","3":"status-publish","4":"format-standard","5":"has-post-thumbnail","7":"category-informacion-general","8":"category-seguridad","9":"tag-detenido","10":"tag-robo","11":"tag-san-luis","12":"tag-seguridad","13":"tag-slp","14":"tag-soledad"},"_links":{"self":[{"href":"https:\/\/cronicadesoledad.com\/index.php\/wp-json\/wp\/v2\/posts\/13121","targetHints":{"allow":["GET"]}}],"collection":[{"href":"https:\/\/cronicadesoledad.com\/index.php\/wp-json\/wp\/v2\/posts"}],"about":[{"href":"https:\/\/cronicadesoledad.com\/index.php\/wp-json\/wp\/v2\/types\/post"}],"author":[{"embeddable":true,"href":"https:\/\/cronicadesoledad.com\/index.php\/wp-json\/wp\/v2\/users\/2"}],"replies":[{"embeddable":true,"href":"https:\/\/cronicadesoledad.com\/index.php\/wp-json\/wp\/v2\/comments?post=13121"}],"version-history":[{"count":1,"href":"https:\/\/cronicadesoledad.com\/index.php\/wp-json\/wp\/v2\/posts\/13121\/revisions"}],"predecessor-version":[{"id":13122,"href":"https:\/\/cronicadesoledad.com\/index.php\/wp-json\/wp\/v2\/posts\/13121\/revisions\/13122"}],"wp:featuredmedia":[{"embeddable":true,"href":"https:\/\/cronicadesoledad.com\/index.php\/wp-json\/wp\/v2\/media\/13119"}],"wp:attachment":[{"href":"https:\/\/cronicadesoledad.com\/index.php\/wp-json\/wp\/v2\/media?parent=13121"}],"wp:term":[{"taxonomy":"category","embeddable":true,"href":"https:\/\/cronicadesoledad.com\/index.php\/wp-json\/wp\/v2\/categories?post=13121"},{"taxonomy":"post_tag","embeddable":true,"href":"https:\/\/cronicadesoledad.com\/index.php\/wp-json\/wp\/v2\/tags?post=13121"}],"curies":[{"name":"wp","href":"https:\/\/api.w.org\/{rel}","templated":true}]}}