{"id":13125,"date":"2024-11-15T14:56:24","date_gmt":"2024-11-15T20:56:24","guid":{"rendered":"https:\/\/cronicadesoledad.com\/?p=13125"},"modified":"2024-11-15T14:56:24","modified_gmt":"2024-11-15T20:56:24","slug":"impulsan-obras-de-conectividad-en-comunidades-de-soledad","status":"publish","type":"post","link":"https:\/\/cronicadesoledad.com\/index.php\/2024\/11\/15\/impulsan-obras-de-conectividad-en-comunidades-de-soledad\/","title":{"rendered":"Impulsan obras de conectividad en comunidades de Soledad"},"content":{"rendered":"\n<p>El gobierno municipal de Soledad de Graciano S\u00e1nchez, encabezado por el alcalde Juan Manuel Navarro Mu\u00f1iz, prepara un ambicioso plan para mejorar las v\u00edas de acceso en comunidades como Estaci\u00f3n Techa, Pur\u00edsima, Estaci\u00f3n Ventura y La Tinaja. Estas localidades han enfrentado problemas de comunicaci\u00f3n por a\u00f1os, lo que ha limitado su desarrollo.<\/p>\n\n\n\n<p>Navarro Mu\u00f1iz explic\u00f3 que el proyecto contempla replicar las mejoras realizadas en Estaci\u00f3n Ventura, enfoc\u00e1ndose en rehabilitar caminos y garantizar accesos seguros y funcionales.<\/p>\n\n\n\n<p>El alcalde indic\u00f3 que se asignar\u00e1n m\u00e1s de 100 millones de pesos al mejoramiento de infraestructura en el presupuesto 2024, con planes de extender el programa hasta 2025. Las obras priorizar\u00e1n la pavimentaci\u00f3n y acondicionamiento de los accesos principales para facilitar el tr\u00e1nsito y mejorar la calidad de vida de los habitantes.<\/p>\n\n\n\n<p>Aunque destac\u00f3 que se han implementado programas sociales en todas las comunidades, Navarro Mu\u00f1iz reconoci\u00f3 que la conectividad vial sigue siendo la principal necesidad. Este plan busca atender esa demanda hist\u00f3rica y conectar mejor a las localidades con el resto del municipio.<\/p>\n","protected":false},"excerpt":{"rendered":"<p>El gobierno municipal de Soledad de Graciano S\u00e1nchez, encabezado por el alcalde Juan Manuel Navarro Mu\u00f1iz, prepara un ambicioso plan para mejorar las v\u00edas de acceso en comunidades como Estaci\u00f3n Techa, Pur\u00edsima, Estaci\u00f3n Ventura y La Tinaja. Estas localidades han enfrentado problemas de comunicaci\u00f3n por a\u00f1os, lo que ha limitado su desarrollo. Navarro Mu\u00f1iz explic\u00f3 [&hellip;]<\/p>\n","protected":false},"author":1,"featured_media":13126,"comment_status":"open","ping_status":"open","sticky":false,"template":"","format":"standard","meta":{"footnotes":""},"categories":[1,24],"tags":[1371,1967,2277,294,261,27],"class_list":{"0":"post-13125","1":"post","2":"type-post","3":"status-publish","4":"format-standard","5":"has-post-thumbnail","7":"category-destacadas","8":"category-informacion-general","9":"tag-comunidades","10":"tag-juan-manuel-navarro","11":"tag-proyecto","12":"tag-san-luis","13":"tag-slp","14":"tag-soledad"},"_links":{"self":[{"href":"https:\/\/cronicadesoledad.com\/index.php\/wp-json\/wp\/v2\/posts\/13125","targetHints":{"allow":["GET"]}}],"collection":[{"href":"https:\/\/cronicadesoledad.com\/index.php\/wp-json\/wp\/v2\/posts"}],"about":[{"href":"https:\/\/cronicadesoledad.com\/index.php\/wp-json\/wp\/v2\/types\/post"}],"author":[{"embeddable":true,"href":"https:\/\/cronicadesoledad.com\/index.php\/wp-json\/wp\/v2\/users\/1"}],"replies":[{"embeddable":true,"href":"https:\/\/cronicadesoledad.com\/index.php\/wp-json\/wp\/v2\/comments?post=13125"}],"version-history":[{"count":1,"href":"https:\/\/cronicadesoledad.com\/index.php\/wp-json\/wp\/v2\/posts\/13125\/revisions"}],"predecessor-version":[{"id":13127,"href":"https:\/\/cronicadesoledad.com\/index.php\/wp-json\/wp\/v2\/posts\/13125\/revisions\/13127"}],"wp:featuredmedia":[{"embeddable":true,"href":"https:\/\/cronicadesoledad.com\/index.php\/wp-json\/wp\/v2\/media\/13126"}],"wp:attachment":[{"href":"https:\/\/cronicadesoledad.com\/index.php\/wp-json\/wp\/v2\/media?parent=13125"}],"wp:term":[{"taxonomy":"category","embeddable":true,"href":"https:\/\/cronicadesoledad.com\/index.php\/wp-json\/wp\/v2\/categories?post=13125"},{"taxonomy":"post_tag","embeddable":true,"href":"https:\/\/cronicadesoledad.com\/index.php\/wp-json\/wp\/v2\/tags?post=13125"}],"curies":[{"name":"wp","href":"https:\/\/api.w.org\/{rel}","templated":true}]}}