{"id":13195,"date":"2024-11-20T13:15:27","date_gmt":"2024-11-20T19:15:27","guid":{"rendered":"https:\/\/cronicadesoledad.com\/?p=13195"},"modified":"2024-11-20T13:15:28","modified_gmt":"2024-11-20T19:15:28","slug":"arranca-operaciones-la-guardia-civil-municipal-de-soledad","status":"publish","type":"post","link":"https:\/\/cronicadesoledad.com\/index.php\/2024\/11\/20\/arranca-operaciones-la-guardia-civil-municipal-de-soledad\/","title":{"rendered":"Arranca operaciones la Guardia Civil Municipal de Soledad"},"content":{"rendered":"\n<p>La Guardia Civil Municipal de Soledad de Graciano S\u00e1nchez comenzar\u00e1 a operar oficialmente la pr\u00f3xima semana, con el objetivo de reforzar la seguridad en el municipio, anunci\u00f3 el alcalde Juan Manuel Navarro Mu\u00f1iz. Esta nueva corporaci\u00f3n policial fue aprobada por el Cabildo a finales de la administraci\u00f3n anterior, y su puesta en marcha se concretar\u00e1 con la aprobaci\u00f3n del Reglamento Interno, que ser\u00e1 votado el mi\u00e9rcoles.<\/p>\n\n\n\n<p>El alcalde destac\u00f3 que los elementos de la Guardia Civil estar\u00e1n equipados con motocicletas, bicicletas y camionetas para optimizar la vigilancia. Adem\u00e1s, subray\u00f3 que la creaci\u00f3n de esta corporaci\u00f3n ha sido posible gracias a una correcta gesti\u00f3n de los recursos municipales, lo que permitir\u00e1 brindar un mejor servicio a la comunidad.<\/p>\n\n\n\n<p>Navarro aprovech\u00f3 la ocasi\u00f3n para hacer un llamado a la poblaci\u00f3n, especialmente en fechas festivas, para que mantengan un comportamiento responsable. Expres\u00f3 su preocupaci\u00f3n por los conflictos que suelen generarse durante los fines de semana largos debido al consumo de alcohol y actividades recreativas, y recalc\u00f3 la importancia de fomentar una convivencia sana y respetuosa.<\/p>\n","protected":false},"excerpt":{"rendered":"<p>La Guardia Civil Municipal de Soledad de Graciano S\u00e1nchez comenzar\u00e1 a operar oficialmente la pr\u00f3xima semana, con el objetivo de reforzar la seguridad en el municipio, anunci\u00f3 el alcalde Juan Manuel Navarro Mu\u00f1iz. Esta nueva corporaci\u00f3n policial fue aprobada por el Cabildo a finales de la administraci\u00f3n anterior, y su puesta en marcha se concretar\u00e1 [&hellip;]<\/p>\n","protected":false},"author":1,"featured_media":13196,"comment_status":"open","ping_status":"open","sticky":false,"template":"","format":"standard","meta":{"footnotes":""},"categories":[1,24,19],"tags":[1967,2917,294,276,261,27],"class_list":{"0":"post-13195","1":"post","2":"type-post","3":"status-publish","4":"format-standard","5":"has-post-thumbnail","7":"category-destacadas","8":"category-informacion-general","9":"category-seguridad","10":"tag-juan-manuel-navarro","11":"tag-operaciones","12":"tag-san-luis","13":"tag-seguridad","14":"tag-slp","15":"tag-soledad"},"_links":{"self":[{"href":"https:\/\/cronicadesoledad.com\/index.php\/wp-json\/wp\/v2\/posts\/13195","targetHints":{"allow":["GET"]}}],"collection":[{"href":"https:\/\/cronicadesoledad.com\/index.php\/wp-json\/wp\/v2\/posts"}],"about":[{"href":"https:\/\/cronicadesoledad.com\/index.php\/wp-json\/wp\/v2\/types\/post"}],"author":[{"embeddable":true,"href":"https:\/\/cronicadesoledad.com\/index.php\/wp-json\/wp\/v2\/users\/1"}],"replies":[{"embeddable":true,"href":"https:\/\/cronicadesoledad.com\/index.php\/wp-json\/wp\/v2\/comments?post=13195"}],"version-history":[{"count":1,"href":"https:\/\/cronicadesoledad.com\/index.php\/wp-json\/wp\/v2\/posts\/13195\/revisions"}],"predecessor-version":[{"id":13197,"href":"https:\/\/cronicadesoledad.com\/index.php\/wp-json\/wp\/v2\/posts\/13195\/revisions\/13197"}],"wp:featuredmedia":[{"embeddable":true,"href":"https:\/\/cronicadesoledad.com\/index.php\/wp-json\/wp\/v2\/media\/13196"}],"wp:attachment":[{"href":"https:\/\/cronicadesoledad.com\/index.php\/wp-json\/wp\/v2\/media?parent=13195"}],"wp:term":[{"taxonomy":"category","embeddable":true,"href":"https:\/\/cronicadesoledad.com\/index.php\/wp-json\/wp\/v2\/categories?post=13195"},{"taxonomy":"post_tag","embeddable":true,"href":"https:\/\/cronicadesoledad.com\/index.php\/wp-json\/wp\/v2\/tags?post=13195"}],"curies":[{"name":"wp","href":"https:\/\/api.w.org\/{rel}","templated":true}]}}