{"id":13204,"date":"2024-11-20T21:17:53","date_gmt":"2024-11-21T03:17:53","guid":{"rendered":"https:\/\/cronicadesoledad.com\/?p=13204"},"modified":"2024-11-20T21:17:54","modified_gmt":"2024-11-21T03:17:54","slug":"proteccion-civil-inicio-operativo-invernal","status":"publish","type":"post","link":"https:\/\/cronicadesoledad.com\/index.php\/2024\/11\/20\/proteccion-civil-inicio-operativo-invernal\/","title":{"rendered":"Protecci\u00f3n Civil inici\u00f3 operativo invernal"},"content":{"rendered":"\n<p>Con el objetivo de salvaguardar a la poblaci\u00f3n durante los pr\u00f3ximos meses de bajas temperaturas, la Coordinaci\u00f3n Municipal de Protecci\u00f3n Civil de Soledad de Graciano S\u00e1nchez puso en marcha el operativo &#8220;Invierno Seguro&#8221;, con un monitoreo constante de las calles y sitios p\u00fablicos para identificar a las personas que puedan estar en riesgo durante esta temporada.<\/p>\n\n\n\n<p>El titular de la dependencia, Mart\u00edn Bravo Galicia inform\u00f3 que el programa ya se encuentra en plena ejecuci\u00f3n, y hasta el momento se ha brindado auxilio a casi una decena de personas, alguna de ellas que, aunque ten\u00edan hogar, se perdieron mientras deambulaban por el municipio; afortunadamente, ambos fueron localizados y reintegrados con sus familias.<\/p>\n\n\n\n<p>Los otros casos, en coordinaci\u00f3n con el Sistema Municipal para el Desarrollo Integral de la Familia (DIF), se ofreci\u00f3 albergue a personas indigentes, no obstante, optaron por rechazar la propuesta, recibiendo \u00fanicamente cobijas para mitigar el fr\u00edo. Estos incidentes se reportaron principalmente en las zonas del Bulevar Valle de los Fantasmas y Avenida de Los Pinos, as\u00ed como en la Cabecera municipal.<\/p>\n\n\n\n<p>El funcionario municipal a\u00f1adi\u00f3 que, aunque las temperaturas se mantienen agradables y no se esperan descensos extremos en los pr\u00f3ximos d\u00edas, se espera la llegada de un frente fr\u00edo en la presente semana, que podr\u00eda traer lluvias y un ligero descenso en las temperaturas, por lo que continuar\u00e1 este operativo preventivo.<\/p>\n\n\n\n<p>La Coordinaci\u00f3n de Protecci\u00f3n Civil continuar\u00e1 trabajando de manera coordinada manteni\u00e9ndose cerca a las necesidades de la ciudadan\u00eda, para ofrecer apoyo a quienes lo necesiten y garantizar la seguridad de las y los soledenses ante cualquier eventualidad.<\/p>\n","protected":false},"excerpt":{"rendered":"<p>Con el objetivo de salvaguardar a la poblaci\u00f3n durante los pr\u00f3ximos meses de bajas temperaturas, la Coordinaci\u00f3n Municipal de Protecci\u00f3n Civil de Soledad de Graciano S\u00e1nchez puso en marcha el operativo &#8220;Invierno Seguro&#8221;, con un monitoreo constante de las calles y sitios p\u00fablicos para identificar a las personas que puedan estar en riesgo durante esta [&hellip;]<\/p>\n","protected":false},"author":2,"featured_media":13205,"comment_status":"open","ping_status":"open","sticky":false,"template":"","format":"standard","meta":{"footnotes":""},"categories":[24,21],"tags":[223,445,2918,1878,294,261,27],"class_list":{"0":"post-13204","1":"post","2":"type-post","3":"status-publish","4":"format-standard","5":"has-post-thumbnail","7":"category-informacion-general","8":"category-tu-soledad","9":"tag-ayuntamiento-soledense","10":"tag-invierno","11":"tag-operativo-invernal","12":"tag-proteccion-civil-2","13":"tag-san-luis","14":"tag-slp","15":"tag-soledad"},"_links":{"self":[{"href":"https:\/\/cronicadesoledad.com\/index.php\/wp-json\/wp\/v2\/posts\/13204","targetHints":{"allow":["GET"]}}],"collection":[{"href":"https:\/\/cronicadesoledad.com\/index.php\/wp-json\/wp\/v2\/posts"}],"about":[{"href":"https:\/\/cronicadesoledad.com\/index.php\/wp-json\/wp\/v2\/types\/post"}],"author":[{"embeddable":true,"href":"https:\/\/cronicadesoledad.com\/index.php\/wp-json\/wp\/v2\/users\/2"}],"replies":[{"embeddable":true,"href":"https:\/\/cronicadesoledad.com\/index.php\/wp-json\/wp\/v2\/comments?post=13204"}],"version-history":[{"count":1,"href":"https:\/\/cronicadesoledad.com\/index.php\/wp-json\/wp\/v2\/posts\/13204\/revisions"}],"predecessor-version":[{"id":13206,"href":"https:\/\/cronicadesoledad.com\/index.php\/wp-json\/wp\/v2\/posts\/13204\/revisions\/13206"}],"wp:featuredmedia":[{"embeddable":true,"href":"https:\/\/cronicadesoledad.com\/index.php\/wp-json\/wp\/v2\/media\/13205"}],"wp:attachment":[{"href":"https:\/\/cronicadesoledad.com\/index.php\/wp-json\/wp\/v2\/media?parent=13204"}],"wp:term":[{"taxonomy":"category","embeddable":true,"href":"https:\/\/cronicadesoledad.com\/index.php\/wp-json\/wp\/v2\/categories?post=13204"},{"taxonomy":"post_tag","embeddable":true,"href":"https:\/\/cronicadesoledad.com\/index.php\/wp-json\/wp\/v2\/tags?post=13204"}],"curies":[{"name":"wp","href":"https:\/\/api.w.org\/{rel}","templated":true}]}}