{"id":13207,"date":"2024-11-20T21:19:24","date_gmt":"2024-11-21T03:19:24","guid":{"rendered":"https:\/\/cronicadesoledad.com\/?p=13207"},"modified":"2024-11-20T21:19:24","modified_gmt":"2024-11-21T03:19:24","slug":"irrumpen-en-fiesta-privada-y-asesinan-a-tres-personas","status":"publish","type":"post","link":"https:\/\/cronicadesoledad.com\/index.php\/2024\/11\/20\/irrumpen-en-fiesta-privada-y-asesinan-a-tres-personas\/","title":{"rendered":"Irrumpen en fiesta privada y asesinan a tres personas"},"content":{"rendered":"\n<p>Una violenta agresi\u00f3n ocurri\u00f3 la noche del pasado domingo en el fraccionamiento Santo Tom\u00e1s, ubicado en Soledad de Graciano S\u00e1nchez, cuando hombres armados irrumpieron en una reuni\u00f3n privada, dejando un saldo de tres personas fallecidas y al menos cuatro m\u00e1s lesionadas.<\/p>\n\n\n\n<p>Seg\u00fan reportes preliminares, los hechos se registraron cerca de las 11 de la noche en un domicilio del circuito San Andr\u00e9s. Los agresores ingresaron al lugar y, sin previo aviso, dispararon a quemarropa contra los asistentes. Acto seguido, huyeron en dos veh\u00edculos, una camioneta azul y otra unidad blanca, cuyo paradero a\u00fan se desconoce.<\/p>\n\n\n\n<p>En el sitio fallecieron Leonardo, de 28 a\u00f1os, y Jos\u00e9 Pedro, de 44 a\u00f1os. Otras cuatro personas resultaron heridas, una de ellas en estado grave. Entre los lesionados se encontraba un joven de 20 a\u00f1os que, tras ser trasladado a la cl\u00ednica 50 del IMSS, perdi\u00f3 la vida debido a las lesiones sufridas en el t\u00f3rax.<\/p>\n\n\n\n<p>Personal de Servicios Periciales asegur\u00f3 m\u00e1s de 100 cartuchos de distintos calibres en el lugar. Las autoridades municipales y estatales acordonaron la zona, mientras la Fiscal\u00eda General del Estado inici\u00f3 las investigaciones para localizar a los responsables y esclarecer los hechos.<\/p>\n\n\n\n<p>Se espera que las investigaciones permitan dar con el paradero de los agresores y que estos enfrenten las consecuencias legales correspondientes.<\/p>\n","protected":false},"excerpt":{"rendered":"<p>Una violenta agresi\u00f3n ocurri\u00f3 la noche del pasado domingo en el fraccionamiento Santo Tom\u00e1s, ubicado en Soledad de Graciano S\u00e1nchez, cuando hombres armados irrumpieron en una reuni\u00f3n privada, dejando un saldo de tres personas fallecidas y al menos cuatro m\u00e1s lesionadas. Seg\u00fan reportes preliminares, los hechos se registraron cerca de las 11 de la noche [&hellip;]<\/p>\n","protected":false},"author":2,"featured_media":13208,"comment_status":"open","ping_status":"open","sticky":false,"template":"","format":"standard","meta":{"footnotes":""},"categories":[24,19],"tags":[2914,2905,294,276,261,27],"class_list":{"0":"post-13207","1":"post","2":"type-post","3":"status-publish","4":"format-standard","5":"has-post-thumbnail","7":"category-informacion-general","8":"category-seguridad","9":"tag-ataque","10":"tag-muertos","11":"tag-san-luis","12":"tag-seguridad","13":"tag-slp","14":"tag-soledad"},"_links":{"self":[{"href":"https:\/\/cronicadesoledad.com\/index.php\/wp-json\/wp\/v2\/posts\/13207","targetHints":{"allow":["GET"]}}],"collection":[{"href":"https:\/\/cronicadesoledad.com\/index.php\/wp-json\/wp\/v2\/posts"}],"about":[{"href":"https:\/\/cronicadesoledad.com\/index.php\/wp-json\/wp\/v2\/types\/post"}],"author":[{"embeddable":true,"href":"https:\/\/cronicadesoledad.com\/index.php\/wp-json\/wp\/v2\/users\/2"}],"replies":[{"embeddable":true,"href":"https:\/\/cronicadesoledad.com\/index.php\/wp-json\/wp\/v2\/comments?post=13207"}],"version-history":[{"count":1,"href":"https:\/\/cronicadesoledad.com\/index.php\/wp-json\/wp\/v2\/posts\/13207\/revisions"}],"predecessor-version":[{"id":13209,"href":"https:\/\/cronicadesoledad.com\/index.php\/wp-json\/wp\/v2\/posts\/13207\/revisions\/13209"}],"wp:featuredmedia":[{"embeddable":true,"href":"https:\/\/cronicadesoledad.com\/index.php\/wp-json\/wp\/v2\/media\/13208"}],"wp:attachment":[{"href":"https:\/\/cronicadesoledad.com\/index.php\/wp-json\/wp\/v2\/media?parent=13207"}],"wp:term":[{"taxonomy":"category","embeddable":true,"href":"https:\/\/cronicadesoledad.com\/index.php\/wp-json\/wp\/v2\/categories?post=13207"},{"taxonomy":"post_tag","embeddable":true,"href":"https:\/\/cronicadesoledad.com\/index.php\/wp-json\/wp\/v2\/tags?post=13207"}],"curies":[{"name":"wp","href":"https:\/\/api.w.org\/{rel}","templated":true}]}}