{"id":13216,"date":"2024-11-21T21:24:22","date_gmt":"2024-11-22T03:24:22","guid":{"rendered":"https:\/\/cronicadesoledad.com\/?p=13216"},"modified":"2024-11-21T21:24:23","modified_gmt":"2024-11-22T03:24:23","slug":"en-la-tinaja-alcalde-navarro-entrega-apoyos-a-productores-del-campo","status":"publish","type":"post","link":"https:\/\/cronicadesoledad.com\/index.php\/2024\/11\/21\/en-la-tinaja-alcalde-navarro-entrega-apoyos-a-productores-del-campo\/","title":{"rendered":"En La Tinaja, alcalde Navarro entrega apoyos a productores del campo"},"content":{"rendered":"\n<p>Dando cumplimiento a su compromiso de impulsar y consolidar la actividad rural, el Alcalde de Soledad de Graciano S\u00e1nchez, Juan Manuel Navarro Mu\u00f1iz, acompa\u00f1ado del delegado de la Secretar\u00eda de Desarrollo Agropecuario y Recursos Hidr\u00e1ulicos (SEDARH), Antelmo Mata L\u00f3pez, entreg\u00f3 bultos de semilla de avena a productores locales de La Tinaja y comunidades aleda\u00f1as; adem\u00e1s, de anunciar este beneficio a habitantes de la Cabecera municipal en pr\u00f3ximos d\u00edas.&nbsp;<\/p>\n\n\n\n<p>Durante la entrega, el Alcalde destac\u00f3 la importancia de este tipo de apoyos, que son una respuesta directa a las necesidades de los agricultores de la regi\u00f3n. &#8220;Gracias al esfuerzo conjunto con la SEDARH, logramos traer este programa de semillas a nuestra gente de Soledad de Graciano S\u00e1nchez, a las familias que inesperadamente se vieron afectadas por las inundaciones de semanas pasadas; quiero decirles que procuramos y trabajamos por el bienestar de las y los soledenses&#8221;, afirm\u00f3.<\/p>\n\n\n\n<p>A\u00f1adi\u00f3 que la entrega de estos apoyos es parte de un programa integral que contempla el otorgamiento de maquinaria, implementos y equipamiento agr\u00edcola, que se concretar\u00e1 en este mismo mes, y reiter\u00f3 que existe una ocupaci\u00f3n firme por sacar adelante al campo soledenses y respaldar su actividad diaria para el sustento de sus familias.<\/p>\n\n\n\n<p>Por su parte, Mata L\u00f3pez explic\u00f3 que la entrega de las semillas forma parte de un programa m\u00e1s amplio de apoyo al campo potosino. &#8220;Debido a la solicitud de muchos productores afectados, trajimos este programa para compensar un poco el da\u00f1o que las aguas del R\u00edo Santiago causaron a las cosechas, este es solo un paso, y pr\u00f3ximamente continuaremos con m\u00e1s apoyos, como el equipamiento agr\u00edcola, tractores y maquinaria&#8221;, destac\u00f3 el funcionario estatal.<\/p>\n\n\n\n<p>Este programa se enmarca dentro de los esfuerzos del Gobierno Municipal y Estatal, que buscan garantizar la reactivaci\u00f3n de la actividad agr\u00edcola y mejorar las condiciones de vida de los productores locales, y reafirma su cercan\u00eda con las necesidades del campo y su disposici\u00f3n para brindar soluciones concretas.<\/p>\n","protected":false},"excerpt":{"rendered":"<p>Dando cumplimiento a su compromiso de impulsar y consolidar la actividad rural, el Alcalde de Soledad de Graciano S\u00e1nchez, Juan Manuel Navarro Mu\u00f1iz, acompa\u00f1ado del delegado de la Secretar\u00eda de Desarrollo Agropecuario y Recursos Hidr\u00e1ulicos (SEDARH), Antelmo Mata L\u00f3pez, entreg\u00f3 bultos de semilla de avena a productores locales de La Tinaja y comunidades aleda\u00f1as; adem\u00e1s, [&hellip;]<\/p>\n","protected":false},"author":2,"featured_media":13217,"comment_status":"open","ping_status":"open","sticky":false,"template":"","format":"standard","meta":{"footnotes":""},"categories":[1,24,21],"tags":[1968,407,223,2393,1967,2568,294,261,27],"class_list":{"0":"post-13216","1":"post","2":"type-post","3":"status-publish","4":"format-standard","5":"has-post-thumbnail","7":"category-destacadas","8":"category-informacion-general","9":"category-tu-soledad","10":"tag-alcalde","11":"tag-apoyos","12":"tag-ayuntamiento-soledense","13":"tag-campo","14":"tag-juan-manuel-navarro","15":"tag-la-tinaja","16":"tag-san-luis","17":"tag-slp","18":"tag-soledad"},"_links":{"self":[{"href":"https:\/\/cronicadesoledad.com\/index.php\/wp-json\/wp\/v2\/posts\/13216","targetHints":{"allow":["GET"]}}],"collection":[{"href":"https:\/\/cronicadesoledad.com\/index.php\/wp-json\/wp\/v2\/posts"}],"about":[{"href":"https:\/\/cronicadesoledad.com\/index.php\/wp-json\/wp\/v2\/types\/post"}],"author":[{"embeddable":true,"href":"https:\/\/cronicadesoledad.com\/index.php\/wp-json\/wp\/v2\/users\/2"}],"replies":[{"embeddable":true,"href":"https:\/\/cronicadesoledad.com\/index.php\/wp-json\/wp\/v2\/comments?post=13216"}],"version-history":[{"count":1,"href":"https:\/\/cronicadesoledad.com\/index.php\/wp-json\/wp\/v2\/posts\/13216\/revisions"}],"predecessor-version":[{"id":13218,"href":"https:\/\/cronicadesoledad.com\/index.php\/wp-json\/wp\/v2\/posts\/13216\/revisions\/13218"}],"wp:featuredmedia":[{"embeddable":true,"href":"https:\/\/cronicadesoledad.com\/index.php\/wp-json\/wp\/v2\/media\/13217"}],"wp:attachment":[{"href":"https:\/\/cronicadesoledad.com\/index.php\/wp-json\/wp\/v2\/media?parent=13216"}],"wp:term":[{"taxonomy":"category","embeddable":true,"href":"https:\/\/cronicadesoledad.com\/index.php\/wp-json\/wp\/v2\/categories?post=13216"},{"taxonomy":"post_tag","embeddable":true,"href":"https:\/\/cronicadesoledad.com\/index.php\/wp-json\/wp\/v2\/tags?post=13216"}],"curies":[{"name":"wp","href":"https:\/\/api.w.org\/{rel}","templated":true}]}}