{"id":13222,"date":"2024-11-21T21:27:56","date_gmt":"2024-11-22T03:27:56","guid":{"rendered":"https:\/\/cronicadesoledad.com\/?p=13222"},"modified":"2024-11-21T21:27:57","modified_gmt":"2024-11-22T03:27:57","slug":"ninas-y-ninos-presentan-exposicion-fotografica-miradas-de-libertad","status":"publish","type":"post","link":"https:\/\/cronicadesoledad.com\/index.php\/2024\/11\/21\/ninas-y-ninos-presentan-exposicion-fotografica-miradas-de-libertad\/","title":{"rendered":"Ni\u00f1as y ni\u00f1os presentan exposici\u00f3n fotogr\u00e1fica \u201cMiradas de Libertad\u201d"},"content":{"rendered":"\n<p>Como parte del programa \u201cSemilleros Creativos\u201d, que busca impulsar la paz y el desarrollo integral de ni\u00f1as, ni\u00f1os y j\u00f3venes a trav\u00e9s del arte y la cultura, se inaugur\u00f3 la exposici\u00f3n fotogr\u00e1fica \u201cMiradas de Libertad\u201d en el Lobby del Teatro y Centro Cultural \u201cDoroteo Arango\u201d, en el municipio de Soledad de Graciano S\u00e1nchez.<\/p>\n\n\n\n<p>El director de Turismo y Cultura, Felipe C\u00e1rdenas Quibrera destac\u00f3 que los \u201cSemilleros Creativos\u201d son grupos de formaci\u00f3n art\u00edstica gratuita que promueven la participaci\u00f3n activa de las nuevas generaciones en la vida cultural del municipio, ayud\u00e1ndolos a posicionarse como agentes de cambio en sus comunidades.<\/p>\n\n\n\n<p>\u201cMediante actividades como esta exposici\u00f3n, fomentamos el di\u00e1logo, la conciencia social y el compromiso comunitario en los entornos donde ni\u00f1as y ni\u00f1os desarrollan sus habilidades art\u00edsticas, demostrando el poder transformador del arte en la construcci\u00f3n de un tejido social m\u00e1s fuerte y pac\u00edfico\u201d, se\u00f1al\u00f3 C\u00e1rdenas Quibrera.<\/p>\n\n\n\n<p>La exposici\u00f3n \u201cMiradas de Libertad\u201d re\u00fane casi 40 fotograf\u00edas capturadas desde la perspectiva de ni\u00f1as y ni\u00f1os de la colonia 21 de Marzo, y estar\u00e1 abierta de manera gratuita de lunes a viernes, de las 9 de la ma\u00f1ana a 2 de la tarde. Con la gu\u00eda de Liliana Guadalupe Castro Loredo, promotora cultural, y A\u00edda Nohem\u00ed del Carmen Castro L\u00f3pez, docente de artes, los participantes exploraron el poder de la fotograf\u00eda como medio para expresar su visi\u00f3n del entorno, sus emociones y sus aspiraciones.<\/p>\n\n\n\n<p>Esta iniciativa, respaldada por la administraci\u00f3n del Alcalde, Juan Manuel Navarro Mu\u00f1iz y el liderazgo del Gobernador del Estado, Ricardo Gallardo Cardona, busca no solo desarrollar habilidades art\u00edsticas, sino tambi\u00e9n propiciar una transformaci\u00f3n positiva en las comunidades mediante las Huellas Comunitarias: intervenciones art\u00edsticas que revitalizan espacios p\u00fablicos y fortalecen los lazos sociales.<\/p>\n\n\n\n<p>La ceremonia de inauguraci\u00f3n cont\u00f3 con la presencia de autoridades municipales: Guadalupe Cort\u00e9s, coordinadora de Bibliotecas Municipales; Christopher Arnold Pi\u00f1a, coordinador de Deportes; Amado Juan S\u00e1nchez Cabrera, Cronista municipal; promotores culturales, y familiares de los j\u00f3venes artistas, quienes se mostraron orgullosos del talento y creatividad de los expositores.<\/p>\n","protected":false},"excerpt":{"rendered":"<p>Como parte del programa \u201cSemilleros Creativos\u201d, que busca impulsar la paz y el desarrollo integral de ni\u00f1as, ni\u00f1os y j\u00f3venes a trav\u00e9s del arte y la cultura, se inaugur\u00f3 la exposici\u00f3n fotogr\u00e1fica \u201cMiradas de Libertad\u201d en el Lobby del Teatro y Centro Cultural \u201cDoroteo Arango\u201d, en el municipio de Soledad de Graciano S\u00e1nchez. El director [&hellip;]<\/p>\n","protected":false},"author":2,"featured_media":13223,"comment_status":"open","ping_status":"open","sticky":false,"template":"","format":"standard","meta":{"footnotes":""},"categories":[24,21],"tags":[275,223,334,2919,2920,294,261,27],"class_list":{"0":"post-13222","1":"post","2":"type-post","3":"status-publish","4":"format-standard","5":"has-post-thumbnail","7":"category-informacion-general","8":"category-tu-soledad","9":"tag-arte","10":"tag-ayuntamiento-soledense","11":"tag-cultura","12":"tag-exposicion-fotografica-2","13":"tag-miradas-de-libertad","14":"tag-san-luis","15":"tag-slp","16":"tag-soledad"},"_links":{"self":[{"href":"https:\/\/cronicadesoledad.com\/index.php\/wp-json\/wp\/v2\/posts\/13222","targetHints":{"allow":["GET"]}}],"collection":[{"href":"https:\/\/cronicadesoledad.com\/index.php\/wp-json\/wp\/v2\/posts"}],"about":[{"href":"https:\/\/cronicadesoledad.com\/index.php\/wp-json\/wp\/v2\/types\/post"}],"author":[{"embeddable":true,"href":"https:\/\/cronicadesoledad.com\/index.php\/wp-json\/wp\/v2\/users\/2"}],"replies":[{"embeddable":true,"href":"https:\/\/cronicadesoledad.com\/index.php\/wp-json\/wp\/v2\/comments?post=13222"}],"version-history":[{"count":1,"href":"https:\/\/cronicadesoledad.com\/index.php\/wp-json\/wp\/v2\/posts\/13222\/revisions"}],"predecessor-version":[{"id":13224,"href":"https:\/\/cronicadesoledad.com\/index.php\/wp-json\/wp\/v2\/posts\/13222\/revisions\/13224"}],"wp:featuredmedia":[{"embeddable":true,"href":"https:\/\/cronicadesoledad.com\/index.php\/wp-json\/wp\/v2\/media\/13223"}],"wp:attachment":[{"href":"https:\/\/cronicadesoledad.com\/index.php\/wp-json\/wp\/v2\/media?parent=13222"}],"wp:term":[{"taxonomy":"category","embeddable":true,"href":"https:\/\/cronicadesoledad.com\/index.php\/wp-json\/wp\/v2\/categories?post=13222"},{"taxonomy":"post_tag","embeddable":true,"href":"https:\/\/cronicadesoledad.com\/index.php\/wp-json\/wp\/v2\/tags?post=13222"}],"curies":[{"name":"wp","href":"https:\/\/api.w.org\/{rel}","templated":true}]}}