{"id":13235,"date":"2024-11-22T20:00:00","date_gmt":"2024-11-23T02:00:00","guid":{"rendered":"https:\/\/cronicadesoledad.com\/?p=13235"},"modified":"2024-11-22T18:38:06","modified_gmt":"2024-11-23T00:38:06","slug":"apoyos-agricolas-son-una-esperanza-productores-del-campo","status":"publish","type":"post","link":"https:\/\/cronicadesoledad.com\/index.php\/2024\/11\/22\/apoyos-agricolas-son-una-esperanza-productores-del-campo\/","title":{"rendered":"Apoyos agr\u00edcolas son una esperanza: productores del campo"},"content":{"rendered":"\n<p>Productores agr\u00edcolas de la zona rural de Soledad de Graciano S\u00e1nchez expresaron su profundo agradecimiento al Alcalde Juan Manuel Navarro Mu\u00f1iz, por la entrega de semillas de avena, como parte del programa conjunto anual con la Secretar\u00eda de Desarrollo Agropecuario y Recursos Hidr\u00e1ulicos (SEDARH), lo que llega a beneficiarlos y respaldarlos despu\u00e9s de algunas afectaciones por las recientes lluvias.<\/p>\n\n\n\n<p>Toribia Aguilar Salda\u00f1a, habitante de la comunidad de Palma de la Cruz, comparti\u00f3 su gratitud por el apoyo recibido y destac\u00f3 la esperanza de que este apoyo sea suficiente para que la comunidad pueda recuperarse y continuar con su labor agr\u00edcola. &#8220;Me avisaron que iban a dar esta semilla y met\u00ed papeler\u00eda en Soledad para sembrar mi parcela, que se acab\u00f3 con el agua del R\u00edo, de la siembra de ma\u00edz no me qued\u00f3 ni se\u00f1as y la alfalfa se acab\u00f3. Ahora, con este apoyo que me est\u00e1n dando, vamos a sembrar avena&#8221;, se\u00f1al\u00f3.<\/p>\n\n\n\n<p>Por su parte, Octaviano Vel\u00e1zquez Castro, comisariado del Ejido Soledad, resalt\u00f3 la importancia de este tipo de apoyos para la zona. &#8220;Vamos a reunirnos pr\u00f3ximamente con el Presidente para seguir los proyectos del campo que \u00e9l tiene para Soledad, todav\u00eda es tiempo para poder sembrar, y con estas semillas, la cosecha se vendr\u00eda levantando por marzo o abril, es un buen apoyo para todas las personas que resultaron afectadas, y ojal\u00e1 que el Presidente Municipal siga tomando en cuenta la zona rural&#8221;, expres\u00f3.<\/p>\n\n\n\n<p>Asimismo, Jos\u00e9 Crescencio Rangel Gonz\u00e1lez, comisariado ejidal de La Tinaja, manifest\u00f3 su confianza en el trabajo del Alcalde. &#8220;Con este nuevo Alcalde vemos que vamos a tener mucho apoyo, nos est\u00e1 brindando mucha confianza, y eso es lo que queremos los ciudadanos: confianza para poder platicar con \u00e9l; este apoyo va a beneficiar mucho a los agricultores, y le agradecemos mucho por habernos dado esta semilla&#8221;, afirm\u00f3.<\/p>\n\n\n\n<p>Este apoyo es una respuesta directa a las dificultades que enfrentaron los productores agr\u00edcolas debido a los da\u00f1os ocasionados por las fuertes lluvias, y se refrenda la colaboraci\u00f3n del Gobierno Municipal y Estatal, para sostener el campo soledenses y mejorar su productividad en favor de las familias rurales.<\/p>\n","protected":false},"excerpt":{"rendered":"<p>Productores agr\u00edcolas de la zona rural de Soledad de Graciano S\u00e1nchez expresaron su profundo agradecimiento al Alcalde Juan Manuel Navarro Mu\u00f1iz, por la entrega de semillas de avena, como parte del programa conjunto anual con la Secretar\u00eda de Desarrollo Agropecuario y Recursos Hidr\u00e1ulicos (SEDARH), lo que llega a beneficiarlos y respaldarlos despu\u00e9s de algunas afectaciones [&hellip;]<\/p>\n","protected":false},"author":2,"featured_media":13236,"comment_status":"open","ping_status":"open","sticky":false,"template":"","format":"standard","meta":{"footnotes":""},"categories":[1,24,21],"tags":[2921,407,223,2393,476,294,261,27],"class_list":{"0":"post-13235","1":"post","2":"type-post","3":"status-publish","4":"format-standard","5":"has-post-thumbnail","7":"category-destacadas","8":"category-informacion-general","9":"category-tu-soledad","10":"tag-agricolas-2","11":"tag-apoyos","12":"tag-ayuntamiento-soledense","13":"tag-campo","14":"tag-productores","15":"tag-san-luis","16":"tag-slp","17":"tag-soledad"},"_links":{"self":[{"href":"https:\/\/cronicadesoledad.com\/index.php\/wp-json\/wp\/v2\/posts\/13235","targetHints":{"allow":["GET"]}}],"collection":[{"href":"https:\/\/cronicadesoledad.com\/index.php\/wp-json\/wp\/v2\/posts"}],"about":[{"href":"https:\/\/cronicadesoledad.com\/index.php\/wp-json\/wp\/v2\/types\/post"}],"author":[{"embeddable":true,"href":"https:\/\/cronicadesoledad.com\/index.php\/wp-json\/wp\/v2\/users\/2"}],"replies":[{"embeddable":true,"href":"https:\/\/cronicadesoledad.com\/index.php\/wp-json\/wp\/v2\/comments?post=13235"}],"version-history":[{"count":1,"href":"https:\/\/cronicadesoledad.com\/index.php\/wp-json\/wp\/v2\/posts\/13235\/revisions"}],"predecessor-version":[{"id":13237,"href":"https:\/\/cronicadesoledad.com\/index.php\/wp-json\/wp\/v2\/posts\/13235\/revisions\/13237"}],"wp:featuredmedia":[{"embeddable":true,"href":"https:\/\/cronicadesoledad.com\/index.php\/wp-json\/wp\/v2\/media\/13236"}],"wp:attachment":[{"href":"https:\/\/cronicadesoledad.com\/index.php\/wp-json\/wp\/v2\/media?parent=13235"}],"wp:term":[{"taxonomy":"category","embeddable":true,"href":"https:\/\/cronicadesoledad.com\/index.php\/wp-json\/wp\/v2\/categories?post=13235"},{"taxonomy":"post_tag","embeddable":true,"href":"https:\/\/cronicadesoledad.com\/index.php\/wp-json\/wp\/v2\/tags?post=13235"}],"curies":[{"name":"wp","href":"https:\/\/api.w.org\/{rel}","templated":true}]}}