{"id":13258,"date":"2024-11-25T03:45:00","date_gmt":"2024-11-25T09:45:00","guid":{"rendered":"https:\/\/cronicadesoledad.com\/?p=13258"},"modified":"2024-11-25T01:05:29","modified_gmt":"2024-11-25T07:05:29","slug":"el-primer-municipio-en-integrarse-al-comite-de-salud","status":"publish","type":"post","link":"https:\/\/cronicadesoledad.com\/index.php\/2024\/11\/25\/el-primer-municipio-en-integrarse-al-comite-de-salud\/","title":{"rendered":"El primer municipio en integrarse al Comit\u00e9 de Salud"},"content":{"rendered":"\n<p>El municipio de Villa de Pozos se ha convertido en el primer municipio del Estado en integrarse al Comit\u00e9 de Salud promovido por el gobierno Federal a trav\u00e9s de los Servicios de Salud en el Estado, acci\u00f3n fue ratificada en la reciente sesi\u00f3n de la Comisi\u00f3n de Salud donde los miembros aprobaron por unanimidad la inclusi\u00f3n de la localidad en este importante programa.<\/p>\n\n\n\n<p>La presidenta de la Comisi\u00f3n de Salud, Mar\u00eda Luisa Zavala L\u00f3pez enfatiz\u00f3 que la integraci\u00f3n al Comit\u00e9 de Salud representa un paso significativo para el municipio, pues permitir\u00e1 la implementaci\u00f3n de pol\u00edticas y estrategias de salud p\u00fablica alineadas con los esfuerzos Federales y Estatales, con el objetivo de mejorar el bienestar de los habitantes.<\/p>\n\n\n\n<p>Durante la sesi\u00f3n, los miembros del Consejo Municipal resaltaron la importancia de esta iniciativa, que abre nuevas oportunidades para fortalecer el sistema de salud local y mejorar la calidad de vida de los ciudadanos.<\/p>\n\n\n\n<p>As\u00ed mismo, la jefa de la Jurisdicci\u00f3n Sanitaria No.1 Flor Lilian Estrada Mart\u00ednez, destac\u00f3 el compromiso del nuevo municipio con el mejoramiento de la salud y el bienestar de las y los poce\u00f1os y una muestra de la voluntad de sus autoridades para trabajar de manera coordinada con los gobiernos que coloca a Villa de Pozos como un ejemplo a seguir en el \u00e1mbito de la salud p\u00fablica en la regi\u00f3n.<\/p>\n","protected":false},"excerpt":{"rendered":"<p>El municipio de Villa de Pozos se ha convertido en el primer municipio del Estado en integrarse al Comit\u00e9 de Salud promovido por el gobierno Federal a trav\u00e9s de los Servicios de Salud en el Estado, acci\u00f3n fue ratificada en la reciente sesi\u00f3n de la Comisi\u00f3n de Salud donde los miembros aprobaron por unanimidad la [&hellip;]<\/p>\n","protected":false},"author":2,"featured_media":13259,"comment_status":"open","ping_status":"open","sticky":false,"template":"","format":"standard","meta":{"footnotes":""},"categories":[1,24],"tags":[2927,1158,294,261,1068],"class_list":{"0":"post-13258","1":"post","2":"type-post","3":"status-publish","4":"format-standard","5":"has-post-thumbnail","7":"category-destacadas","8":"category-informacion-general","9":"tag-comite-de-salud","10":"tag-gobierno-del-estado","11":"tag-san-luis","12":"tag-slp","13":"tag-villa-de-pozos"},"_links":{"self":[{"href":"https:\/\/cronicadesoledad.com\/index.php\/wp-json\/wp\/v2\/posts\/13258","targetHints":{"allow":["GET"]}}],"collection":[{"href":"https:\/\/cronicadesoledad.com\/index.php\/wp-json\/wp\/v2\/posts"}],"about":[{"href":"https:\/\/cronicadesoledad.com\/index.php\/wp-json\/wp\/v2\/types\/post"}],"author":[{"embeddable":true,"href":"https:\/\/cronicadesoledad.com\/index.php\/wp-json\/wp\/v2\/users\/2"}],"replies":[{"embeddable":true,"href":"https:\/\/cronicadesoledad.com\/index.php\/wp-json\/wp\/v2\/comments?post=13258"}],"version-history":[{"count":1,"href":"https:\/\/cronicadesoledad.com\/index.php\/wp-json\/wp\/v2\/posts\/13258\/revisions"}],"predecessor-version":[{"id":13260,"href":"https:\/\/cronicadesoledad.com\/index.php\/wp-json\/wp\/v2\/posts\/13258\/revisions\/13260"}],"wp:featuredmedia":[{"embeddable":true,"href":"https:\/\/cronicadesoledad.com\/index.php\/wp-json\/wp\/v2\/media\/13259"}],"wp:attachment":[{"href":"https:\/\/cronicadesoledad.com\/index.php\/wp-json\/wp\/v2\/media?parent=13258"}],"wp:term":[{"taxonomy":"category","embeddable":true,"href":"https:\/\/cronicadesoledad.com\/index.php\/wp-json\/wp\/v2\/categories?post=13258"},{"taxonomy":"post_tag","embeddable":true,"href":"https:\/\/cronicadesoledad.com\/index.php\/wp-json\/wp\/v2\/tags?post=13258"}],"curies":[{"name":"wp","href":"https:\/\/api.w.org\/{rel}","templated":true}]}}