{"id":13298,"date":"2024-11-27T10:02:16","date_gmt":"2024-11-27T16:02:16","guid":{"rendered":"https:\/\/cronicadesoledad.com\/?p=13298"},"modified":"2024-11-27T10:02:17","modified_gmt":"2024-11-27T16:02:17","slug":"arranca-programa-de-limpieza-nocturna-en-soledad","status":"publish","type":"post","link":"https:\/\/cronicadesoledad.com\/index.php\/2024\/11\/27\/arranca-programa-de-limpieza-nocturna-en-soledad\/","title":{"rendered":"Arranca programa de limpieza nocturna en Soledad"},"content":{"rendered":"\n<p>Con el objetivo de mejorar el entorno urbano, el Ayuntamiento de Soledad de Graciano S\u00e1nchez ha implementado el programa &#8220;Por un Soledad Limpio&#8221;, enfocado en la limpieza de \u00e1reas p\u00fablicas y la erradicaci\u00f3n del abandono de basura. Este operativo, que comenz\u00f3 hace 15 d\u00edas, se dirige a las zonas con mayor acumulaci\u00f3n de desechos, en un esfuerzo por evitar la proliferaci\u00f3n de fauna nociva y promover la responsabilidad ciudadana.<\/p>\n\n\n\n<p>Yazm\u00edn Jhoana Luna Barrios, titular de la Direcci\u00f3n de Ecolog\u00eda Municipal, destac\u00f3 que el operativo no solo se centra en la limpieza, sino tambi\u00e9n en sensibilizar a la comunidad sobre la correcta disposici\u00f3n de residuos. \u201cLa finalidad del operativo es limpiar esos espacios, pero tambi\u00e9n generar conciencia en la ciudadan\u00eda para que cumpla con las normativas de disposici\u00f3n de residuos\u201d, explic\u00f3.<\/p>\n\n\n\n<p>El operativo, que se realiza semanalmente en coordinaci\u00f3n con Aseo P\u00fablico y Seguridad P\u00fablica, ha atendido ya varios predios en la cabecera municipal, encontrando principalmente cart\u00f3n y pl\u00e1stico en espacios descuidados. Adem\u00e1s, se ha logrado retirar veh\u00edculos abandonados en diversas colonias, con la colaboraci\u00f3n de la Direcci\u00f3n de Tr\u00e1nsito. Con esta acci\u00f3n, el Gobierno Municipal busca promover un Soledad m\u00e1s limpio, ordenado y saludable para sus habitantes.<\/p>\n","protected":false},"excerpt":{"rendered":"<p>Con el objetivo de mejorar el entorno urbano, el Ayuntamiento de Soledad de Graciano S\u00e1nchez ha implementado el programa &#8220;Por un Soledad Limpio&#8221;, enfocado en la limpieza de \u00e1reas p\u00fablicas y la erradicaci\u00f3n del abandono de basura. Este operativo, que comenz\u00f3 hace 15 d\u00edas, se dirige a las zonas con mayor acumulaci\u00f3n de desechos, en [&hellip;]<\/p>\n","protected":false},"author":1,"featured_media":13299,"comment_status":"open","ping_status":"open","sticky":false,"template":"","format":"standard","meta":{"footnotes":""},"categories":[1,24],"tags":[1236,581,1234,294,261,27],"class_list":{"0":"post-13298","1":"post","2":"type-post","3":"status-publish","4":"format-standard","5":"has-post-thumbnail","7":"category-destacadas","8":"category-informacion-general","9":"tag-aseo-publico","10":"tag-limpieza","11":"tag-programa","12":"tag-san-luis","13":"tag-slp","14":"tag-soledad"},"_links":{"self":[{"href":"https:\/\/cronicadesoledad.com\/index.php\/wp-json\/wp\/v2\/posts\/13298","targetHints":{"allow":["GET"]}}],"collection":[{"href":"https:\/\/cronicadesoledad.com\/index.php\/wp-json\/wp\/v2\/posts"}],"about":[{"href":"https:\/\/cronicadesoledad.com\/index.php\/wp-json\/wp\/v2\/types\/post"}],"author":[{"embeddable":true,"href":"https:\/\/cronicadesoledad.com\/index.php\/wp-json\/wp\/v2\/users\/1"}],"replies":[{"embeddable":true,"href":"https:\/\/cronicadesoledad.com\/index.php\/wp-json\/wp\/v2\/comments?post=13298"}],"version-history":[{"count":1,"href":"https:\/\/cronicadesoledad.com\/index.php\/wp-json\/wp\/v2\/posts\/13298\/revisions"}],"predecessor-version":[{"id":13300,"href":"https:\/\/cronicadesoledad.com\/index.php\/wp-json\/wp\/v2\/posts\/13298\/revisions\/13300"}],"wp:featuredmedia":[{"embeddable":true,"href":"https:\/\/cronicadesoledad.com\/index.php\/wp-json\/wp\/v2\/media\/13299"}],"wp:attachment":[{"href":"https:\/\/cronicadesoledad.com\/index.php\/wp-json\/wp\/v2\/media?parent=13298"}],"wp:term":[{"taxonomy":"category","embeddable":true,"href":"https:\/\/cronicadesoledad.com\/index.php\/wp-json\/wp\/v2\/categories?post=13298"},{"taxonomy":"post_tag","embeddable":true,"href":"https:\/\/cronicadesoledad.com\/index.php\/wp-json\/wp\/v2\/tags?post=13298"}],"curies":[{"name":"wp","href":"https:\/\/api.w.org\/{rel}","templated":true}]}}