{"id":13321,"date":"2024-11-27T21:06:22","date_gmt":"2024-11-28T03:06:22","guid":{"rendered":"https:\/\/cronicadesoledad.com\/?p=13321"},"modified":"2024-11-27T21:06:22","modified_gmt":"2024-11-28T03:06:22","slug":"inicia-decoracion-de-arbol-navideno-en-la-plaza-principal","status":"publish","type":"post","link":"https:\/\/cronicadesoledad.com\/index.php\/2024\/11\/27\/inicia-decoracion-de-arbol-navideno-en-la-plaza-principal\/","title":{"rendered":"Inicia decoraci\u00f3n de \u00e1rbol navide\u00f1o en la plaza principal"},"content":{"rendered":"\n<p>Con el prop\u00f3sito de fortalecer la uni\u00f3n familiar y crear un ambiente lleno de magia y alegr\u00eda, el Ayuntamiento de Soledad de Graciano S\u00e1nchez comenz\u00f3 la instalaci\u00f3n de la decoraci\u00f3n navide\u00f1a de la Plaza Principal, mediante un esfuerzo conjunto de diversas \u00e1reas municipales, dise\u00f1ado para brindar a las familias soledenses una experiencia inolvidable durante esta temporada.<\/p>\n\n\n\n<p>Trabajadores de la Direcci\u00f3n de Alumbrado P\u00fablico trabajan en la instalaci\u00f3n de series de luces que crear\u00e1n un efecto de \u201clluvia de estrellas\u201d, que se complementar\u00e1 con el montaje del monumental \u00e1rbol navide\u00f1o; adem\u00e1s, este a\u00f1o se incluir\u00e1n innovadores atractivos, como la Pista de Hielo m\u00e1s grande que en ediciones anteriores, una proyecci\u00f3n de video mapping con tem\u00e1tica navide\u00f1a y espectaculares proyecciones l\u00e1ser que acompa\u00f1ar\u00e1n actividades l\u00fadicas infantiles.<\/p>\n\n\n\n<p>El encendido oficial del \u00e1rbol y toda la iluminaci\u00f3n navide\u00f1a est\u00e1 programado para el pr\u00f3ximo 2 de diciembre, evento que marcar\u00e1 el inicio de las festividades en el municipio. Para garantizar la seguridad de las y los asistentes, se cerrar\u00e1 el paso vehicular en el primer cuadro del municipio, medida que se mantendr\u00e1 hasta enero, por lo que el Ayuntamiento hace un llamado a la ciudadan\u00eda para que sea paciente y disfrute de las sorpresas preparadas para esta temporada.<\/p>\n\n\n\n<p>Por su parte, el Alcalde Juan Manuel Navarro Mu\u00f1iz anunci\u00f3 que el 13 de diciembre dar\u00e1n inicio las tradicionales posadas navide\u00f1as en colonias y comunidades de Soledad, donde se entregar\u00e1n pi\u00f1atas, dulces, juguetes, cobijas y habr\u00e1 espect\u00e1culos de payasos y grupos musicales, asegurando una Navidad inolvidable para todas las familias.<\/p>\n\n\n\n<p>\u201cQueremos llevar la alegr\u00eda y el esp\u00edritu navide\u00f1o a cada rinc\u00f3n de nuestro municipio, con actividades que fortalezcan los lazos comunitarios y brinden momentos de felicidad a las y los soledenses\u201d, expres\u00f3 el Alcalde. El Ayuntamiento de Soledad invita a toda la poblaci\u00f3n a disfrutar de estas festividades y ser parte de la magia que iluminar\u00e1 el municipio en esta temporada tan especial.<\/p>\n","protected":false},"excerpt":{"rendered":"<p>Con el prop\u00f3sito de fortalecer la uni\u00f3n familiar y crear un ambiente lleno de magia y alegr\u00eda, el Ayuntamiento de Soledad de Graciano S\u00e1nchez comenz\u00f3 la instalaci\u00f3n de la decoraci\u00f3n navide\u00f1a de la Plaza Principal, mediante un esfuerzo conjunto de diversas \u00e1reas municipales, dise\u00f1ado para brindar a las familias soledenses una experiencia inolvidable durante esta [&hellip;]<\/p>\n","protected":false},"author":2,"featured_media":13322,"comment_status":"open","ping_status":"open","sticky":false,"template":"","format":"standard","meta":{"footnotes":""},"categories":[24,21],"tags":[2943,223,712,2322,294,261,27],"class_list":{"0":"post-13321","1":"post","2":"type-post","3":"status-publish","4":"format-standard","5":"has-post-thumbnail","7":"category-informacion-general","8":"category-tu-soledad","9":"tag-arbol-navideno-2","10":"tag-ayuntamiento-soledense","11":"tag-navidad","12":"tag-plaza-principal","13":"tag-san-luis","14":"tag-slp","15":"tag-soledad"},"_links":{"self":[{"href":"https:\/\/cronicadesoledad.com\/index.php\/wp-json\/wp\/v2\/posts\/13321","targetHints":{"allow":["GET"]}}],"collection":[{"href":"https:\/\/cronicadesoledad.com\/index.php\/wp-json\/wp\/v2\/posts"}],"about":[{"href":"https:\/\/cronicadesoledad.com\/index.php\/wp-json\/wp\/v2\/types\/post"}],"author":[{"embeddable":true,"href":"https:\/\/cronicadesoledad.com\/index.php\/wp-json\/wp\/v2\/users\/2"}],"replies":[{"embeddable":true,"href":"https:\/\/cronicadesoledad.com\/index.php\/wp-json\/wp\/v2\/comments?post=13321"}],"version-history":[{"count":1,"href":"https:\/\/cronicadesoledad.com\/index.php\/wp-json\/wp\/v2\/posts\/13321\/revisions"}],"predecessor-version":[{"id":13323,"href":"https:\/\/cronicadesoledad.com\/index.php\/wp-json\/wp\/v2\/posts\/13321\/revisions\/13323"}],"wp:featuredmedia":[{"embeddable":true,"href":"https:\/\/cronicadesoledad.com\/index.php\/wp-json\/wp\/v2\/media\/13322"}],"wp:attachment":[{"href":"https:\/\/cronicadesoledad.com\/index.php\/wp-json\/wp\/v2\/media?parent=13321"}],"wp:term":[{"taxonomy":"category","embeddable":true,"href":"https:\/\/cronicadesoledad.com\/index.php\/wp-json\/wp\/v2\/categories?post=13321"},{"taxonomy":"post_tag","embeddable":true,"href":"https:\/\/cronicadesoledad.com\/index.php\/wp-json\/wp\/v2\/tags?post=13321"}],"curies":[{"name":"wp","href":"https:\/\/api.w.org\/{rel}","templated":true}]}}