{"id":13327,"date":"2024-11-28T18:00:00","date_gmt":"2024-11-29T00:00:00","guid":{"rendered":"https:\/\/cronicadesoledad.com\/?p=13327"},"modified":"2024-11-29T01:09:27","modified_gmt":"2024-11-29T07:09:27","slug":"proteccion-civil-emite-recomendaciones-ante-temporada-de-frio","status":"publish","type":"post","link":"https:\/\/cronicadesoledad.com\/index.php\/2024\/11\/28\/proteccion-civil-emite-recomendaciones-ante-temporada-de-frio\/","title":{"rendered":"Protecci\u00f3n Civil emite recomendaciones ante temporada de fr\u00edo"},"content":{"rendered":"\n<p>Ante la llegada de la temporada invernal y el pron\u00f3stico de varios frentes fr\u00edos que podr\u00edan alcanzar temperaturas cercanas a los 0 grados en pr\u00f3ximas semanas, la Coordinaci\u00f3n Municipal de Protecci\u00f3n Civil de Soledad de Graciano S\u00e1nchez emite recomendaciones a la poblaci\u00f3n, adem\u00e1s de poner en marcha el Operativo Invierno Seguro, con el objetivo de salvaguardar a la ciudadan\u00eda, especialmente a quienes se encuentran en situaci\u00f3n vulnerable.<\/p>\n\n\n\n<p>Martin Bravo Galicia, titular de la dependencia municipal, explic\u00f3 que las temperaturas en Soledad de Graciano S\u00e1nchez han oscilado entre los 7 y 10 grados, pero se espera que lleguen a los 0 grados, por lo que hizo un llamado a las familias con ni\u00f1os y adultos mayores, para que tomen precauciones y se abriguen adecuadamente. &#8220;Es importante que los ni\u00f1os se vistan en capas, evitar cambios bruscos de temperatura y estar atentos a los primeros s\u00edntomas de enfermedades respiratorias\u201d.<\/p>\n\n\n\n<p>El funcionario destac\u00f3 la importancia de este Operativo para proteger a las personas m\u00e1s vulnerables, especialmente a quienes duermen en las calles. \u201cEl pron\u00f3stico de Conagua indica que algunos frentes fr\u00edos podr\u00edan generar temperaturas muy bajas, aunque no se espera que lleguen a ser extremas, debemos estar preparados, desde la instalaci\u00f3n del consejo, hemos iniciado el operativo para que ninguna persona en situaci\u00f3n de calle se vea afectada por el descenso de la temperatura\u201d, mencion\u00f3 Bravo Galicia.<\/p>\n\n\n\n<p>El operativo se coordina con el Sistema Municipal para el Desarrollo Integral de las Familias (DIF), con quienes se gestionan acciones para encontrar a personas extraviadas y brindarles asistencia, adem\u00e1s, la coordinaci\u00f3n con centros de rehabilitaci\u00f3n para personas con problemas de adicciones asegura que quienes lo necesiten sean trasladados a lugares adecuados para evitar que arriesguen su vida en las fr\u00edas calles.<\/p>\n\n\n\n<p>Asimismo, se destac\u00f3 que, a quienes no deseen acudir a los albergues municipales, se les proporcionan cobijas y apoyo para pasar la noche en condiciones m\u00e1s seguras; la Administraci\u00f3n Municipal sigue comprometida con el bienestar de las y los soledenses, y se mantiene cercana a sus necesidades para enfrentar los retos que presenta el invierno y evitar riesgos innecesarios.<\/p>\n","protected":false},"excerpt":{"rendered":"<p>Ante la llegada de la temporada invernal y el pron\u00f3stico de varios frentes fr\u00edos que podr\u00edan alcanzar temperaturas cercanas a los 0 grados en pr\u00f3ximas semanas, la Coordinaci\u00f3n Municipal de Protecci\u00f3n Civil de Soledad de Graciano S\u00e1nchez emite recomendaciones a la poblaci\u00f3n, adem\u00e1s de poner en marcha el Operativo Invierno Seguro, con el objetivo de [&hellip;]<\/p>\n","protected":false},"author":2,"featured_media":13328,"comment_status":"open","ping_status":"open","sticky":false,"template":"","format":"standard","meta":{"footnotes":""},"categories":[1,24,21],"tags":[223,2945,1878,294,261,27],"class_list":{"0":"post-13327","1":"post","2":"type-post","3":"status-publish","4":"format-standard","5":"has-post-thumbnail","7":"category-destacadas","8":"category-informacion-general","9":"category-tu-soledad","10":"tag-ayuntamiento-soledense","11":"tag-frio-3","12":"tag-proteccion-civil-2","13":"tag-san-luis","14":"tag-slp","15":"tag-soledad"},"_links":{"self":[{"href":"https:\/\/cronicadesoledad.com\/index.php\/wp-json\/wp\/v2\/posts\/13327","targetHints":{"allow":["GET"]}}],"collection":[{"href":"https:\/\/cronicadesoledad.com\/index.php\/wp-json\/wp\/v2\/posts"}],"about":[{"href":"https:\/\/cronicadesoledad.com\/index.php\/wp-json\/wp\/v2\/types\/post"}],"author":[{"embeddable":true,"href":"https:\/\/cronicadesoledad.com\/index.php\/wp-json\/wp\/v2\/users\/2"}],"replies":[{"embeddable":true,"href":"https:\/\/cronicadesoledad.com\/index.php\/wp-json\/wp\/v2\/comments?post=13327"}],"version-history":[{"count":1,"href":"https:\/\/cronicadesoledad.com\/index.php\/wp-json\/wp\/v2\/posts\/13327\/revisions"}],"predecessor-version":[{"id":13329,"href":"https:\/\/cronicadesoledad.com\/index.php\/wp-json\/wp\/v2\/posts\/13327\/revisions\/13329"}],"wp:featuredmedia":[{"embeddable":true,"href":"https:\/\/cronicadesoledad.com\/index.php\/wp-json\/wp\/v2\/media\/13328"}],"wp:attachment":[{"href":"https:\/\/cronicadesoledad.com\/index.php\/wp-json\/wp\/v2\/media?parent=13327"}],"wp:term":[{"taxonomy":"category","embeddable":true,"href":"https:\/\/cronicadesoledad.com\/index.php\/wp-json\/wp\/v2\/categories?post=13327"},{"taxonomy":"post_tag","embeddable":true,"href":"https:\/\/cronicadesoledad.com\/index.php\/wp-json\/wp\/v2\/tags?post=13327"}],"curies":[{"name":"wp","href":"https:\/\/api.w.org\/{rel}","templated":true}]}}