{"id":13346,"date":"2024-11-29T10:00:47","date_gmt":"2024-11-29T16:00:47","guid":{"rendered":"https:\/\/cronicadesoledad.com\/?p=13346"},"modified":"2024-11-29T10:00:47","modified_gmt":"2024-11-29T16:00:47","slug":"ciencia-y-juventud-se-unen-en-soledad-durante-la-feria-2025","status":"publish","type":"post","link":"https:\/\/cronicadesoledad.com\/index.php\/2024\/11\/29\/ciencia-y-juventud-se-unen-en-soledad-durante-la-feria-2025\/","title":{"rendered":"Ciencia y juventud se unen en Soledad durante la Feria 2025"},"content":{"rendered":"\n<p>El Teatro y Centro Cultural \u201cDoroteo Arango\u201d de Soledad de Graciano S\u00e1nchez fue sede de la Feria Potosina de Ciencias e Ingenier\u00edas 2025, un evento organizado por el Gobierno del Estado de San Luis Potos\u00ed en colaboraci\u00f3n con el Ayuntamiento local, con el prop\u00f3sito de fomentar el inter\u00e9s cient\u00edfico y tecnol\u00f3gico entre j\u00f3venes de diferentes regiones del estado.<\/p>\n\n\n\n<p>En esta edici\u00f3n, participaron estudiantes provenientes de 12 municipios, quienes presentaron 44 proyectos en \u00e1reas de innovaci\u00f3n y tecnolog\u00eda. Los trabajos ser\u00e1n evaluados para seleccionar a los seis equipos que representar\u00e1n a San Luis Potos\u00ed en la Feria Mexicana de Ciencias e Ingenier\u00edas 2025, que se llevar\u00e1 a cabo en Ciudad Ju\u00e1rez, Chihuahua.<\/p>\n\n\n\n<p>Durante la inauguraci\u00f3n, autoridades destacaron la importancia de este tipo de espacios para el desarrollo de la juventud. Benjam\u00edn P\u00e9rez \u00c1lvarez, secretario General del Ayuntamiento de Soledad, reconoci\u00f3 el esfuerzo del Gobierno estatal por incentivar la ciencia y la innovaci\u00f3n, mientras que Rosaura Molina Herrera, directora del COPOCYT, agradeci\u00f3 al municipio anfitri\u00f3n por su apoyo, resaltando el potencial transformador de la ciencia en la sociedad.<\/p>\n\n\n\n<p>El evento tambi\u00e9n cont\u00f3 con la participaci\u00f3n de Juan Carlos Torres Cedillo, secretario de Educaci\u00f3n, quien subray\u00f3 la colaboraci\u00f3n entre instituciones educativas y gubernamentales como clave para posicionar a San Luis Potos\u00ed como un referente en educaci\u00f3n cient\u00edfica.<\/p>\n\n\n\n<p>Como parte del programa, el divulgador cient\u00edfico Rafa Carbajal ofreci\u00f3 una conferencia que inspir\u00f3 a los asistentes a explorar el mundo de la investigaci\u00f3n y la creatividad tecnol\u00f3gica.<\/p>\n\n\n\n<p>La Feria reafirma el compromiso de Soledad de Graciano S\u00e1nchez y de San Luis Potos\u00ed con el impulso al talento joven, promoviendo iniciativas que contribuyen al desarrollo cient\u00edfico y a la formaci\u00f3n de generaciones capaces de enfrentar los desaf\u00edos del futuro.<\/p>\n","protected":false},"excerpt":{"rendered":"<p>El Teatro y Centro Cultural \u201cDoroteo Arango\u201d de Soledad de Graciano S\u00e1nchez fue sede de la Feria Potosina de Ciencias e Ingenier\u00edas 2025, un evento organizado por el Gobierno del Estado de San Luis Potos\u00ed en colaboraci\u00f3n con el Ayuntamiento local, con el prop\u00f3sito de fomentar el inter\u00e9s cient\u00edfico y tecnol\u00f3gico entre j\u00f3venes de diferentes [&hellip;]<\/p>\n","protected":false},"author":1,"featured_media":13347,"comment_status":"open","ping_status":"open","sticky":false,"template":"","format":"standard","meta":{"footnotes":""},"categories":[1,24],"tags":[356,334,325,294,261,27],"class_list":{"0":"post-13346","1":"post","2":"type-post","3":"status-publish","4":"format-standard","5":"has-post-thumbnail","7":"category-destacadas","8":"category-informacion-general","9":"tag-ciencia","10":"tag-cultura","11":"tag-juventud","12":"tag-san-luis","13":"tag-slp","14":"tag-soledad"},"_links":{"self":[{"href":"https:\/\/cronicadesoledad.com\/index.php\/wp-json\/wp\/v2\/posts\/13346","targetHints":{"allow":["GET"]}}],"collection":[{"href":"https:\/\/cronicadesoledad.com\/index.php\/wp-json\/wp\/v2\/posts"}],"about":[{"href":"https:\/\/cronicadesoledad.com\/index.php\/wp-json\/wp\/v2\/types\/post"}],"author":[{"embeddable":true,"href":"https:\/\/cronicadesoledad.com\/index.php\/wp-json\/wp\/v2\/users\/1"}],"replies":[{"embeddable":true,"href":"https:\/\/cronicadesoledad.com\/index.php\/wp-json\/wp\/v2\/comments?post=13346"}],"version-history":[{"count":1,"href":"https:\/\/cronicadesoledad.com\/index.php\/wp-json\/wp\/v2\/posts\/13346\/revisions"}],"predecessor-version":[{"id":13348,"href":"https:\/\/cronicadesoledad.com\/index.php\/wp-json\/wp\/v2\/posts\/13346\/revisions\/13348"}],"wp:featuredmedia":[{"embeddable":true,"href":"https:\/\/cronicadesoledad.com\/index.php\/wp-json\/wp\/v2\/media\/13347"}],"wp:attachment":[{"href":"https:\/\/cronicadesoledad.com\/index.php\/wp-json\/wp\/v2\/media?parent=13346"}],"wp:term":[{"taxonomy":"category","embeddable":true,"href":"https:\/\/cronicadesoledad.com\/index.php\/wp-json\/wp\/v2\/categories?post=13346"},{"taxonomy":"post_tag","embeddable":true,"href":"https:\/\/cronicadesoledad.com\/index.php\/wp-json\/wp\/v2\/tags?post=13346"}],"curies":[{"name":"wp","href":"https:\/\/api.w.org\/{rel}","templated":true}]}}