{"id":13349,"date":"2024-11-29T13:34:48","date_gmt":"2024-11-29T19:34:48","guid":{"rendered":"https:\/\/cronicadesoledad.com\/?p=13349"},"modified":"2024-11-29T13:34:48","modified_gmt":"2024-11-29T19:34:48","slug":"soledad-impulsara-turismo-inclusivo-con-pasaporte-gastronomico","status":"publish","type":"post","link":"https:\/\/cronicadesoledad.com\/index.php\/2024\/11\/29\/soledad-impulsara-turismo-inclusivo-con-pasaporte-gastronomico\/","title":{"rendered":"Soledad impulsar\u00e1 turismo inclusivo con pasaporte gastron\u00f3mico"},"content":{"rendered":"\n<p>El Gobierno Municipal de Soledad de Graciano S\u00e1nchez lanzar\u00e1 en 2025 un innovador proyecto de turismo inclusivo, con el objetivo de garantizar que todas las personas, incluidas aquellas con discapacidad, puedan disfrutar de la oferta tur\u00edstica local. El proyecto comenzar\u00e1 con un pasaporte gastron\u00f3mico, similar al que se implement\u00f3 en la capital potosina, y se enfocar\u00e1 en la capacitaci\u00f3n de meseros, cocineros y restauranteros para ofrecer un servicio adecuado a comensales con necesidades espec\u00edficas.<\/p>\n\n\n\n<p>Felipe C\u00e1rdenas, titular de la Direcci\u00f3n Municipal de Turismo, destac\u00f3 que el proyecto contempla una primera etapa de capacitaci\u00f3n en lenguaje de se\u00f1as para restauranteros, as\u00ed como la inclusi\u00f3n de men\u00fas en braille en los establecimientos, una medida que busca promover la verdadera inclusi\u00f3n.<\/p>\n\n\n\n<p>Adem\u00e1s de la capacitaci\u00f3n, el proyecto abarca la transformaci\u00f3n de los espacios p\u00fablicos. Para finales de 2025, se iniciar\u00e1 un piloto en el Jard\u00edn Hidalgo para eliminar barreras f\u00edsicas para las personas con discapacidad, comenzando con la instalaci\u00f3n de rampas y se\u00f1alizaci\u00f3n adaptada. Este modelo se replicar\u00e1 en otras \u00e1reas del municipio para facilitar la movilidad de todos los ciudadanos.<\/p>\n\n\n\n<p>El nuevo hotel Radisson La Soledad, de cinco estrellas, tambi\u00e9n jugar\u00e1 un papel crucial en el impulso de este proyecto, al contribuir a la capacitaci\u00f3n del personal tur\u00edstico y fortalecer la infraestructura de la zona. C\u00e1rdenas enfatiz\u00f3 que Soledad de Graciano S\u00e1nchez aspira a convertirse en un referente de turismo inclusivo, promoviendo acciones concretas para que la inclusi\u00f3n vaya m\u00e1s all\u00e1 de las palabras.<\/p>\n","protected":false},"excerpt":{"rendered":"<p>El Gobierno Municipal de Soledad de Graciano S\u00e1nchez lanzar\u00e1 en 2025 un innovador proyecto de turismo inclusivo, con el objetivo de garantizar que todas las personas, incluidas aquellas con discapacidad, puedan disfrutar de la oferta tur\u00edstica local. El proyecto comenzar\u00e1 con un pasaporte gastron\u00f3mico, similar al que se implement\u00f3 en la capital potosina, y se [&hellip;]<\/p>\n","protected":false},"author":1,"featured_media":13350,"comment_status":"open","ping_status":"open","sticky":false,"template":"","format":"standard","meta":{"footnotes":""},"categories":[1,24],"tags":[1702,2949,294,261,27,370],"class_list":{"0":"post-13349","1":"post","2":"type-post","3":"status-publish","4":"format-standard","5":"has-post-thumbnail","7":"category-destacadas","8":"category-informacion-general","9":"tag-gastronomia","10":"tag-pasaporte","11":"tag-san-luis","12":"tag-slp","13":"tag-soledad","14":"tag-turismo"},"_links":{"self":[{"href":"https:\/\/cronicadesoledad.com\/index.php\/wp-json\/wp\/v2\/posts\/13349","targetHints":{"allow":["GET"]}}],"collection":[{"href":"https:\/\/cronicadesoledad.com\/index.php\/wp-json\/wp\/v2\/posts"}],"about":[{"href":"https:\/\/cronicadesoledad.com\/index.php\/wp-json\/wp\/v2\/types\/post"}],"author":[{"embeddable":true,"href":"https:\/\/cronicadesoledad.com\/index.php\/wp-json\/wp\/v2\/users\/1"}],"replies":[{"embeddable":true,"href":"https:\/\/cronicadesoledad.com\/index.php\/wp-json\/wp\/v2\/comments?post=13349"}],"version-history":[{"count":1,"href":"https:\/\/cronicadesoledad.com\/index.php\/wp-json\/wp\/v2\/posts\/13349\/revisions"}],"predecessor-version":[{"id":13351,"href":"https:\/\/cronicadesoledad.com\/index.php\/wp-json\/wp\/v2\/posts\/13349\/revisions\/13351"}],"wp:featuredmedia":[{"embeddable":true,"href":"https:\/\/cronicadesoledad.com\/index.php\/wp-json\/wp\/v2\/media\/13350"}],"wp:attachment":[{"href":"https:\/\/cronicadesoledad.com\/index.php\/wp-json\/wp\/v2\/media?parent=13349"}],"wp:term":[{"taxonomy":"category","embeddable":true,"href":"https:\/\/cronicadesoledad.com\/index.php\/wp-json\/wp\/v2\/categories?post=13349"},{"taxonomy":"post_tag","embeddable":true,"href":"https:\/\/cronicadesoledad.com\/index.php\/wp-json\/wp\/v2\/tags?post=13349"}],"curies":[{"name":"wp","href":"https:\/\/api.w.org\/{rel}","templated":true}]}}