{"id":13371,"date":"2024-11-29T22:00:00","date_gmt":"2024-11-30T04:00:00","guid":{"rendered":"https:\/\/cronicadesoledad.com\/?p=13371"},"modified":"2024-11-29T19:54:43","modified_gmt":"2024-11-30T01:54:43","slug":"inician-tramites-de-permisos-por-temporada-navidena","status":"publish","type":"post","link":"https:\/\/cronicadesoledad.com\/index.php\/2024\/11\/29\/inician-tramites-de-permisos-por-temporada-navidena\/","title":{"rendered":"Inician tr\u00e1mites de permisos por temporada navide\u00f1a"},"content":{"rendered":"\n<p>Con el fin de apoyar la econom\u00eda local durante la temporada navide\u00f1a, el Ayuntamiento de Soledad de Graciano S\u00e1nchez, a trav\u00e9s de la Direcci\u00f3n de Comercio, inici\u00f3 el tr\u00e1mite de permisos a comerciantes establecidos para la venta de productos alusivos a las festividades decembrinas, con el fin de regular su actividad acorde al reglamento durante periodos temporales.&nbsp;<\/p>\n\n\n\n<p>Javier Rodr\u00edguez Contreras, director de Comercio Municipal, se\u00f1al\u00f3 que existe apertura para que las y los comerciantes puedan aprovechar la alta demanda que genera el 12 de diciembre, D\u00eda de la Virgen de Guadalupe, y extender sus ventas hasta el 24 de diciembre o incluso hasta fin de a\u00f1o, coordinando acciones con Tr\u00e1nsito y Polic\u00eda Vial.<\/p>\n\n\n\n<p>A partir de la segunda semana de diciembre, las calles aleda\u00f1as a la Plaza principal contar\u00e1n con variados puestos donde las y los visitantes pueden encontrar art\u00edculos t\u00edpicos de la temporada como juguetes, gorros, guantes, bufandas, perfumes y otros productos que sirven para regalos navide\u00f1os. \u201cSe les da la oportunidad de instalarse entre el 10 y 11 de diciembre para que aprovechen el D\u00eda de la Virgen y contin\u00faen hasta el 24 o hasta el \u00faltimo d\u00eda de la temporada\u201d, explic\u00f3 el funcionario.<\/p>\n\n\n\n<p>Este a\u00f1o, como en ediciones anteriores, comerciantes tradicionales provenientes de estados como Puebla y M\u00e9xico tambi\u00e9n participan, trayendo su oferta de productos de temporada. \u201cEllos cuentan con un espacio m\u00e1s amplio desde el 15 de noviembre, aprovechando as\u00ed la anticipaci\u00f3n de la temporada\u201d, agreg\u00f3 el funcionario.<\/p>\n\n\n\n<p>El municipio dispuso diversas zonas para la instalaci\u00f3n de estos comercios, como la avenida Jes\u00fas Yurem, Cactus y San Isidro, con la expectativa de que en los pr\u00f3ximos d\u00edas se brinden autorizaciones para la instalaci\u00f3n de entre 100 y 150 puestos distribuidos en las diferentes \u00e1reas, donde se ofertan productos de giro abierto, y se centran en art\u00edculos t\u00edpicos como ropa, calzado y dem\u00e1s productos que hacen parte de las compras navide\u00f1as.<\/p>\n","protected":false},"excerpt":{"rendered":"<p>Con el fin de apoyar la econom\u00eda local durante la temporada navide\u00f1a, el Ayuntamiento de Soledad de Graciano S\u00e1nchez, a trav\u00e9s de la Direcci\u00f3n de Comercio, inici\u00f3 el tr\u00e1mite de permisos a comerciantes establecidos para la venta de productos alusivos a las festividades decembrinas, con el fin de regular su actividad acorde al reglamento durante [&hellip;]<\/p>\n","protected":false},"author":2,"featured_media":13372,"comment_status":"open","ping_status":"open","sticky":false,"template":"","format":"standard","meta":{"footnotes":""},"categories":[24,21],"tags":[223,378,712,1723,294,261,27],"class_list":{"0":"post-13371","1":"post","2":"type-post","3":"status-publish","4":"format-standard","5":"has-post-thumbnail","7":"category-informacion-general","8":"category-tu-soledad","9":"tag-ayuntamiento-soledense","10":"tag-comercio","11":"tag-navidad","12":"tag-permisos","13":"tag-san-luis","14":"tag-slp","15":"tag-soledad"},"_links":{"self":[{"href":"https:\/\/cronicadesoledad.com\/index.php\/wp-json\/wp\/v2\/posts\/13371","targetHints":{"allow":["GET"]}}],"collection":[{"href":"https:\/\/cronicadesoledad.com\/index.php\/wp-json\/wp\/v2\/posts"}],"about":[{"href":"https:\/\/cronicadesoledad.com\/index.php\/wp-json\/wp\/v2\/types\/post"}],"author":[{"embeddable":true,"href":"https:\/\/cronicadesoledad.com\/index.php\/wp-json\/wp\/v2\/users\/2"}],"replies":[{"embeddable":true,"href":"https:\/\/cronicadesoledad.com\/index.php\/wp-json\/wp\/v2\/comments?post=13371"}],"version-history":[{"count":1,"href":"https:\/\/cronicadesoledad.com\/index.php\/wp-json\/wp\/v2\/posts\/13371\/revisions"}],"predecessor-version":[{"id":13373,"href":"https:\/\/cronicadesoledad.com\/index.php\/wp-json\/wp\/v2\/posts\/13371\/revisions\/13373"}],"wp:featuredmedia":[{"embeddable":true,"href":"https:\/\/cronicadesoledad.com\/index.php\/wp-json\/wp\/v2\/media\/13372"}],"wp:attachment":[{"href":"https:\/\/cronicadesoledad.com\/index.php\/wp-json\/wp\/v2\/media?parent=13371"}],"wp:term":[{"taxonomy":"category","embeddable":true,"href":"https:\/\/cronicadesoledad.com\/index.php\/wp-json\/wp\/v2\/categories?post=13371"},{"taxonomy":"post_tag","embeddable":true,"href":"https:\/\/cronicadesoledad.com\/index.php\/wp-json\/wp\/v2\/tags?post=13371"}],"curies":[{"name":"wp","href":"https:\/\/api.w.org\/{rel}","templated":true}]}}