{"id":13456,"date":"2024-12-05T22:27:47","date_gmt":"2024-12-06T04:27:47","guid":{"rendered":"https:\/\/cronicadesoledad.com\/?p=13456"},"modified":"2024-12-05T22:27:48","modified_gmt":"2024-12-06T04:27:48","slug":"soledad-albergara-reunion-de-directores-de-turismo","status":"publish","type":"post","link":"https:\/\/cronicadesoledad.com\/index.php\/2024\/12\/05\/soledad-albergara-reunion-de-directores-de-turismo\/","title":{"rendered":"Soledad albergar\u00e1 reuni\u00f3n de directores de turismo"},"content":{"rendered":"\n<p>Reafirmando el papel de liderazgo que el municipio de Soledad de Graciano S\u00e1nchez est\u00e1 alcanzando en la agenda tur\u00edstica regional, ahora, fue elegido como sede de la Reuni\u00f3n Regional de directores de Turismo de San Luis Potos\u00ed, que se llevar\u00e1 a cabo el pr\u00f3ximo 18 de diciembre en el emblem\u00e1tico Teatro y Centro Cultural \u201cDoroteo Arango\u201d.<\/p>\n\n\n\n<p>Este evento reunir\u00e1 a las y los directores de Turismo de importantes municipios de la regi\u00f3n, como Villa de Pozos, San Luis Potos\u00ed, Villa de Reyes, Mexquitic, Armadillo, Zaragoza, Santa Mar\u00eda del R\u00edo, Tierra Nueva, Cerro de San Pedro y Ahualulco, en una reuni\u00f3n encabezada por la Secretaria de Turismo estatal, Yolanda Josefina Cepeda Echavarr\u00eda, y el Alcalde de Soledad, Juan Manuel Navarro Mu\u00f1iz.<\/p>\n\n\n\n<p>Felipe C\u00e1rdenas Quibrera, titular de Turismo y Cultura de Soledad, subray\u00f3 la importancia de este evento como un testimonio del crecimiento y liderazgo de la Administraci\u00f3n Municipal. \u201cSoledad de Graciano S\u00e1nchez se ha convertido en un referente para San Luis Potos\u00ed, posicion\u00e1ndose como un municipio proactivo, que escucha y responde a las necesidades de su gente, como nunca antes, Soledad est\u00e1 marcando tendencia en materia de Turismo y Cultura, con proyectos que nos colocan como l\u00edderes en el estado\u201d.<\/p>\n\n\n\n<p>Entre los temas relevantes que se abordar\u00e1n durante la reuni\u00f3n, el funcionario municipal adelant\u00f3 la ambiciosa agenda para el municipio, que incluye la creaci\u00f3n de un Museo de la Enchilada; adem\u00e1s, se hablar\u00e1 sobre la implementaci\u00f3n de se\u00f1al\u00e9tica tur\u00edstica urbana que abarcar\u00e1 el Centro Hist\u00f3rico, la zona de Vi\u00f1edos y el cr\u00e1ter de Joya Honda; as\u00ed como el lanzamiento de la marca tur\u00edstica \u201cVive Soledad\u201d, programado para las primeras semanas de 2025, como parte de la estrategia de promoci\u00f3n tur\u00edstica que proyectar\u00e1 al municipio a nivel nacional e internacional.<\/p>\n\n\n\n<p>Con este tipo de iniciativas, Soledad de Graciano S\u00e1nchez contin\u00faa consolid\u00e1ndose como un referente en el desarrollo tur\u00edstico y cultural del estado, proyect\u00e1ndose como un municipio din\u00e1mico, que trabaja con visi\u00f3n y compromiso para el bienestar y progreso de sus habitantes.<\/p>\n","protected":false},"excerpt":{"rendered":"<p>Reafirmando el papel de liderazgo que el municipio de Soledad de Graciano S\u00e1nchez est\u00e1 alcanzando en la agenda tur\u00edstica regional, ahora, fue elegido como sede de la Reuni\u00f3n Regional de directores de Turismo de San Luis Potos\u00ed, que se llevar\u00e1 a cabo el pr\u00f3ximo 18 de diciembre en el emblem\u00e1tico Teatro y Centro Cultural \u201cDoroteo [&hellip;]<\/p>\n","protected":false},"author":2,"featured_media":13457,"comment_status":"open","ping_status":"open","sticky":false,"template":"","format":"standard","meta":{"footnotes":""},"categories":[1,24,21],"tags":[223,294,261,27,370],"class_list":{"0":"post-13456","1":"post","2":"type-post","3":"status-publish","4":"format-standard","5":"has-post-thumbnail","7":"category-destacadas","8":"category-informacion-general","9":"category-tu-soledad","10":"tag-ayuntamiento-soledense","11":"tag-san-luis","12":"tag-slp","13":"tag-soledad","14":"tag-turismo"},"_links":{"self":[{"href":"https:\/\/cronicadesoledad.com\/index.php\/wp-json\/wp\/v2\/posts\/13456","targetHints":{"allow":["GET"]}}],"collection":[{"href":"https:\/\/cronicadesoledad.com\/index.php\/wp-json\/wp\/v2\/posts"}],"about":[{"href":"https:\/\/cronicadesoledad.com\/index.php\/wp-json\/wp\/v2\/types\/post"}],"author":[{"embeddable":true,"href":"https:\/\/cronicadesoledad.com\/index.php\/wp-json\/wp\/v2\/users\/2"}],"replies":[{"embeddable":true,"href":"https:\/\/cronicadesoledad.com\/index.php\/wp-json\/wp\/v2\/comments?post=13456"}],"version-history":[{"count":1,"href":"https:\/\/cronicadesoledad.com\/index.php\/wp-json\/wp\/v2\/posts\/13456\/revisions"}],"predecessor-version":[{"id":13458,"href":"https:\/\/cronicadesoledad.com\/index.php\/wp-json\/wp\/v2\/posts\/13456\/revisions\/13458"}],"wp:featuredmedia":[{"embeddable":true,"href":"https:\/\/cronicadesoledad.com\/index.php\/wp-json\/wp\/v2\/media\/13457"}],"wp:attachment":[{"href":"https:\/\/cronicadesoledad.com\/index.php\/wp-json\/wp\/v2\/media?parent=13456"}],"wp:term":[{"taxonomy":"category","embeddable":true,"href":"https:\/\/cronicadesoledad.com\/index.php\/wp-json\/wp\/v2\/categories?post=13456"},{"taxonomy":"post_tag","embeddable":true,"href":"https:\/\/cronicadesoledad.com\/index.php\/wp-json\/wp\/v2\/tags?post=13456"}],"curies":[{"name":"wp","href":"https:\/\/api.w.org\/{rel}","templated":true}]}}