{"id":13474,"date":"2024-12-06T23:55:30","date_gmt":"2024-12-07T05:55:30","guid":{"rendered":"https:\/\/cronicadesoledad.com\/?p=13474"},"modified":"2024-12-06T23:55:30","modified_gmt":"2024-12-07T05:55:30","slug":"con-foro-ciudadano-impulsan-gestion-publica-de-cercania-para-el-pmd","status":"publish","type":"post","link":"https:\/\/cronicadesoledad.com\/index.php\/2024\/12\/06\/con-foro-ciudadano-impulsan-gestion-publica-de-cercania-para-el-pmd\/","title":{"rendered":"Con foro ciudadano, impulsan gesti\u00f3n p\u00fablica de cercan\u00eda para el PMD"},"content":{"rendered":"\n<p>En un ejercicio de di\u00e1logo directo entre la ciudadan\u00eda y la administraci\u00f3n municipal, con el fin de escuchar el sentir ciudadano para la construcci\u00f3n de pol\u00edticas p\u00fablicas inclusivas y accesibles, el Ayuntamiento de Soledad de Graciano S\u00e1nchez llev\u00f3 a cabo un Foro Ciudadano que se desprende de la Consulta P\u00fablica para la integraci\u00f3n del Plan Municipal de Desarrollo 2024-2027, jornada que destac\u00f3 por su amplia participaci\u00f3n y el impacto significativo que tendr\u00e1 en acciones y programas que beneficien a la poblaci\u00f3n en general.<\/p>\n\n\n\n<p>Siguiendo las directrices del Alcalde Juan Manuel Navarro Mu\u00f1iz de mantener un gobierno cercano a su gente, durante el Foro, se instalaron m\u00f3dulos de atenci\u00f3n directa en los que personal de diversas \u00e1reas municipales, como Seguridad P\u00fablica, Educaci\u00f3n, Deportes, Ecolog\u00eda, Desarrollo Urbano, DIF municipal y Desarrollo Social, brindaron informaci\u00f3n y recibieron sugerencias de la ciudadan\u00eda.<\/p>\n\n\n\n<p>Al respecto, Alejandro Serrano Cort\u00e9s, titular de la Secretar\u00eda T\u00e9cnica, subray\u00f3 la respuesta positiva de la ciudadan\u00eda, quienes durante 15 d\u00edas participaron de manera activa a trav\u00e9s de buzones en distintos puntos del municipio, foros y encuestas tanto f\u00edsicas como digitales, \u201ceste proceso de consulta se realiz\u00f3 con el objetivo de fortalecer la planeaci\u00f3n democr\u00e1tica y asegurarnos de que la voz de los ciudadanos sea fundamental en la creaci\u00f3n de pol\u00edticas p\u00fablicas que mejoren su calidad de vida&#8221;.<\/p>\n\n\n\n<p>Destac\u00f3 la inclusi\u00f3n de todos los sectores de la poblaci\u00f3n en el proceso, enfatizando la importancia de escuchar a todos los sectores de la poblaci\u00f3n, tanto a j\u00f3venes, como tambi\u00e9n a personas con discapacidad, adultos mayores, ni\u00f1as y ni\u00f1os; del sector educativo, empresarial, inmobiliario, etc\u00e9tera. &#8220;Ser un gobierno cercano a la gente significa entender sus necesidades y prioridades&#8221;, a\u00f1adi\u00f3.<\/p>\n\n\n\n<p>Indic\u00f3 que el pr\u00f3ximo paso en el proceso ser\u00e1 el an\u00e1lisis de todas las ideas y sugerencias recogidas, para abordar los temas m\u00e1s relevantes para la poblaci\u00f3n y posteriormente se informar\u00e1 oportunamente sobre las fechas en que se dar\u00e1n a conocer los resultados que ser\u00e1n plasmados en el Plan de Desarrollo Municipal, asegurando as\u00ed que la comunidad est\u00e9 al tanto de las decisiones que marcar\u00e1n el rumbo del municipio en los pr\u00f3ximos a\u00f1os.<\/p>\n","protected":false},"excerpt":{"rendered":"<p>En un ejercicio de di\u00e1logo directo entre la ciudadan\u00eda y la administraci\u00f3n municipal, con el fin de escuchar el sentir ciudadano para la construcci\u00f3n de pol\u00edticas p\u00fablicas inclusivas y accesibles, el Ayuntamiento de Soledad de Graciano S\u00e1nchez llev\u00f3 a cabo un Foro Ciudadano que se desprende de la Consulta P\u00fablica para la integraci\u00f3n del Plan [&hellip;]<\/p>\n","protected":false},"author":2,"featured_media":13475,"comment_status":"open","ping_status":"open","sticky":false,"template":"","format":"standard","meta":{"footnotes":""},"categories":[1,24,21],"tags":[223,2904,2973,294,261,27],"class_list":{"0":"post-13474","1":"post","2":"type-post","3":"status-publish","4":"format-standard","5":"has-post-thumbnail","7":"category-destacadas","8":"category-informacion-general","9":"category-tu-soledad","10":"tag-ayuntamiento-soledense","11":"tag-plan-municipal-de-desarrollo","12":"tag-pmd","13":"tag-san-luis","14":"tag-slp","15":"tag-soledad"},"_links":{"self":[{"href":"https:\/\/cronicadesoledad.com\/index.php\/wp-json\/wp\/v2\/posts\/13474","targetHints":{"allow":["GET"]}}],"collection":[{"href":"https:\/\/cronicadesoledad.com\/index.php\/wp-json\/wp\/v2\/posts"}],"about":[{"href":"https:\/\/cronicadesoledad.com\/index.php\/wp-json\/wp\/v2\/types\/post"}],"author":[{"embeddable":true,"href":"https:\/\/cronicadesoledad.com\/index.php\/wp-json\/wp\/v2\/users\/2"}],"replies":[{"embeddable":true,"href":"https:\/\/cronicadesoledad.com\/index.php\/wp-json\/wp\/v2\/comments?post=13474"}],"version-history":[{"count":1,"href":"https:\/\/cronicadesoledad.com\/index.php\/wp-json\/wp\/v2\/posts\/13474\/revisions"}],"predecessor-version":[{"id":13476,"href":"https:\/\/cronicadesoledad.com\/index.php\/wp-json\/wp\/v2\/posts\/13474\/revisions\/13476"}],"wp:featuredmedia":[{"embeddable":true,"href":"https:\/\/cronicadesoledad.com\/index.php\/wp-json\/wp\/v2\/media\/13475"}],"wp:attachment":[{"href":"https:\/\/cronicadesoledad.com\/index.php\/wp-json\/wp\/v2\/media?parent=13474"}],"wp:term":[{"taxonomy":"category","embeddable":true,"href":"https:\/\/cronicadesoledad.com\/index.php\/wp-json\/wp\/v2\/categories?post=13474"},{"taxonomy":"post_tag","embeddable":true,"href":"https:\/\/cronicadesoledad.com\/index.php\/wp-json\/wp\/v2\/tags?post=13474"}],"curies":[{"name":"wp","href":"https:\/\/api.w.org\/{rel}","templated":true}]}}