{"id":13658,"date":"2024-12-19T20:46:06","date_gmt":"2024-12-20T02:46:06","guid":{"rendered":"https:\/\/cronicadesoledad.com\/?p=13658"},"modified":"2024-12-19T20:46:06","modified_gmt":"2024-12-20T02:46:06","slug":"centros-de-desarrollo-exponen-creaciones-navidenas","status":"publish","type":"post","link":"https:\/\/cronicadesoledad.com\/index.php\/2024\/12\/19\/centros-de-desarrollo-exponen-creaciones-navidenas\/","title":{"rendered":"Centros de Desarrollo exponen creaciones navide\u00f1as"},"content":{"rendered":"\n<p>La Plaza principal de Soledad de Graciano S\u00e1nchez se ilumin\u00f3 del esp\u00edritu navide\u00f1o con la presentaci\u00f3n de actividades festivas que marcaron el cierre de los talleres de los ocho Centros de Desarrollo Comunitario del DIF Municipal, que reuni\u00f3 a familias completas que pudieron admirar los resultados del esfuerzo y dedicaci\u00f3n de las y los participantes durante el a\u00f1o; actividad encabezada por la presidenta del organismo, Mar\u00eda del Pilar Cardona Reyna.<\/p>\n\n\n\n<p>Con un emotivo mensaje, Cardona Reyna reconoci\u00f3 el entusiasmo de las y los participantes, que son desde ni\u00f1os, ni\u00f1as, adultos mayores, amas de casa, estudiantes, quienes d\u00eda a d\u00eda acuden y son parte de una convivencia productiva, dejando como resultado la elaboraci\u00f3n de todo tipo de art\u00edculos, entre tejidos, pinturas, manualidades, postres, decoraci\u00f3n, art\u00edculos para el hogar, todo con tem\u00e1tica navide\u00f1a.<\/p>\n\n\n\n<p>Dijo que con el respaldo del Alcalde, Juan Manuel Navarro Mu\u00f1iz, se llevan a cabo estos eventos que acercan a las comunidades de distintas colonias y ofrecen momentos de sana distracci\u00f3n, fortaleciendo el tejido social y las oportunidades para el desarrollo personal.<\/p>\n\n\n\n<p>\u201cNos da una alegr\u00eda inmensa ver a tantas personas aqu\u00ed participando, agradezco a todos los Centros Comunitarios por el gran trabajo que realizan, que den muestra de que en equipo se logran tantas cosas maravillosas; quiero decirles, que en el DIF Municipal tienen siempre un apoyo y respaldo para seguir fortaleci\u00e9ndose y ampliar todos los talleres\u201d, dijo.<\/p>\n\n\n\n<p>Al mismo tiempo, se present\u00f3 un grupo de danza infantil del CEF San Luis Uno, con una serie de bailes navide\u00f1os que alegraron a las y los asistentes a la Plaza; asimismo, fueron testigos de la representaci\u00f3n de una Pastorela con todos sus personajes, quienes repartieron dulces y provocaron sonrisas en infantes y adultos.<\/p>\n\n\n\n<p>Los Centros de Desarrollo Comunitario participantes fueron Praderas del Maurel, Rivas Guill\u00e9n Norte, Rivas Guill\u00e9n Sur, 21 de Marzo, Santo Tom\u00e1s, Primero de Mayo, Las Huertas y CAF San Luis; cada uno expuso una muestra de los productos elaborados durante el a\u00f1o, desde artesan\u00edas en fieltro y crochet hasta deliciosos postres y piezas de bisuter\u00eda.<\/p>\n\n\n\n<p>Maricruz Reyna, encargada del Centro Comunitario Primero de Mayo, destac\u00f3 la diversidad de art\u00edculos exhibidos: \u201clas y los usuarios, principalmente adultos mayores y amas de casa, elaboraron productos como mu\u00f1ecas, adornos navide\u00f1os, cobijas, su\u00e9teres, ropa de beb\u00e9, bufandas, gorros y guantes tambi\u00e9n tuvimos una muestra de postres realizados en las clases de cocina, chocolater\u00eda y reposter\u00eda\u201d.<\/p>\n\n\n\n<p>Adem\u00e1s de los trabajos manuales, las y los asistentes pudieron conocer los beneficios de otras actividades ofrecidas por los Centros, como las clases de gimnasia cerebral, \u201cestas clases est\u00e1n enfocadas en prevenir enfermedades como el Alzheimer y mejorar la concentraci\u00f3n y movilidad, nos brindan muchas ventajas tanto en prevenci\u00f3n como en el tratamiento de problemas existentes\u201d.<\/p>\n","protected":false},"excerpt":{"rendered":"<p>La Plaza principal de Soledad de Graciano S\u00e1nchez se ilumin\u00f3 del esp\u00edritu navide\u00f1o con la presentaci\u00f3n de actividades festivas que marcaron el cierre de los talleres de los ocho Centros de Desarrollo Comunitario del DIF Municipal, que reuni\u00f3 a familias completas que pudieron admirar los resultados del esfuerzo y dedicaci\u00f3n de las y los participantes [&hellip;]<\/p>\n","protected":false},"author":2,"featured_media":13659,"comment_status":"open","ping_status":"open","sticky":false,"template":"","format":"standard","meta":{"footnotes":""},"categories":[1,24,21],"tags":[223,3020,3019,712,294,261,27],"class_list":{"0":"post-13658","1":"post","2":"type-post","3":"status-publish","4":"format-standard","5":"has-post-thumbnail","7":"category-destacadas","8":"category-informacion-general","9":"category-tu-soledad","10":"tag-ayuntamiento-soledense","11":"tag-centros-de-desarrollo-comunitarios","12":"tag-creaciones-navidenas","13":"tag-navidad","14":"tag-san-luis","15":"tag-slp","16":"tag-soledad"},"_links":{"self":[{"href":"https:\/\/cronicadesoledad.com\/index.php\/wp-json\/wp\/v2\/posts\/13658","targetHints":{"allow":["GET"]}}],"collection":[{"href":"https:\/\/cronicadesoledad.com\/index.php\/wp-json\/wp\/v2\/posts"}],"about":[{"href":"https:\/\/cronicadesoledad.com\/index.php\/wp-json\/wp\/v2\/types\/post"}],"author":[{"embeddable":true,"href":"https:\/\/cronicadesoledad.com\/index.php\/wp-json\/wp\/v2\/users\/2"}],"replies":[{"embeddable":true,"href":"https:\/\/cronicadesoledad.com\/index.php\/wp-json\/wp\/v2\/comments?post=13658"}],"version-history":[{"count":1,"href":"https:\/\/cronicadesoledad.com\/index.php\/wp-json\/wp\/v2\/posts\/13658\/revisions"}],"predecessor-version":[{"id":13660,"href":"https:\/\/cronicadesoledad.com\/index.php\/wp-json\/wp\/v2\/posts\/13658\/revisions\/13660"}],"wp:featuredmedia":[{"embeddable":true,"href":"https:\/\/cronicadesoledad.com\/index.php\/wp-json\/wp\/v2\/media\/13659"}],"wp:attachment":[{"href":"https:\/\/cronicadesoledad.com\/index.php\/wp-json\/wp\/v2\/media?parent=13658"}],"wp:term":[{"taxonomy":"category","embeddable":true,"href":"https:\/\/cronicadesoledad.com\/index.php\/wp-json\/wp\/v2\/categories?post=13658"},{"taxonomy":"post_tag","embeddable":true,"href":"https:\/\/cronicadesoledad.com\/index.php\/wp-json\/wp\/v2\/tags?post=13658"}],"curies":[{"name":"wp","href":"https:\/\/api.w.org\/{rel}","templated":true}]}}