{"id":13661,"date":"2024-12-19T20:53:15","date_gmt":"2024-12-20T02:53:15","guid":{"rendered":"https:\/\/cronicadesoledad.com\/?p=13661"},"modified":"2024-12-19T20:53:16","modified_gmt":"2024-12-20T02:53:16","slug":"limpieza-y-rehabilitacion-de-espacios-publicos-garantizados","status":"publish","type":"post","link":"https:\/\/cronicadesoledad.com\/index.php\/2024\/12\/19\/limpieza-y-rehabilitacion-de-espacios-publicos-garantizados\/","title":{"rendered":"Limpieza y rehabilitaci\u00f3n de espacios p\u00fablicos garantizados"},"content":{"rendered":"\n<p>En cumplimiento al compromiso de bienestar y calidad de vida de la poblaci\u00f3n, el Gobierno Municipal de Soledad de Graciano S\u00e1nchez, a trav\u00e9s de la Direcci\u00f3n de Servicios Municipales, llev\u00f3 a cabo una jornada intensiva de limpieza en el fraccionamiento Valle de Santiago, en cumplimiento de la solicitud del Alcalde Juan Manuel Navarro Mu\u00f1iz de mantener todas las \u00e1reas del municipio en \u00f3ptimas condiciones para el uso de la poblaci\u00f3n.<\/p>\n\n\n\n<p>Mediante la intervenci\u00f3n de cuadrillas del \u00e1rea de Imagen Urbana y de Parques y Jardines, se logr\u00f3 abarcar m\u00e1s de cuatro mil 500 metros cuadrados en labores de mantenimiento integral y se recolectaron cerca de seis toneladas de hierba, maleza y basura, que mejoraron considerablemente el entorno del fraccionamiento, los trabajos incluyeron poda de \u00e1rboles, deshierbe, barrido manual en banquetas y pavimento, as\u00ed como la recolecci\u00f3n de residuos.<\/p>\n\n\n\n<p>El director de Servicios Municipales, Antonio Zamarripa Quintero, destac\u00f3 la importancia de estas acciones para conservar limpios y en buenas condiciones los espacios p\u00fablicos. &#8220;Estamos comprometidos con mantener una imagen urbana digna para nuestras familias soledenses, estas jornadas son constantes y abarcan diferentes colonias del municipio&#8221;, afirm\u00f3.<\/p>\n\n\n\n<p>Aunado a ello, durante esta semana, las cuadrillas de Servicios Municipales han realizado trabajos de limpieza en el Fraccionamiento Fresnos, Colonia Rancho Nuevo, La virgen, La Sierra, Praderas del Maurel, Fraccionamiento Santa Lucia, Colonia Rivas Guill\u00e9n Norte, entre otras.<\/p>\n\n\n\n<p>El Gobierno Municipal de Soledad de Graciano S\u00e1nchez reafirma su compromiso con brindar servicios p\u00fablicos de calidad, asegurando que estas acciones continuar\u00e1n extendi\u00e9ndose a m\u00e1s comunidades para el bienestar de toda la ciudadan\u00eda.<\/p>\n","protected":false},"excerpt":{"rendered":"<p>En cumplimiento al compromiso de bienestar y calidad de vida de la poblaci\u00f3n, el Gobierno Municipal de Soledad de Graciano S\u00e1nchez, a trav\u00e9s de la Direcci\u00f3n de Servicios Municipales, llev\u00f3 a cabo una jornada intensiva de limpieza en el fraccionamiento Valle de Santiago, en cumplimiento de la solicitud del Alcalde Juan Manuel Navarro Mu\u00f1iz de [&hellip;]<\/p>\n","protected":false},"author":2,"featured_media":13662,"comment_status":"open","ping_status":"open","sticky":false,"template":"","format":"standard","meta":{"footnotes":""},"categories":[1,24,21],"tags":[223,2508,581,294,261,27],"class_list":{"0":"post-13661","1":"post","2":"type-post","3":"status-publish","4":"format-standard","5":"has-post-thumbnail","7":"category-destacadas","8":"category-informacion-general","9":"category-tu-soledad","10":"tag-ayuntamiento-soledense","11":"tag-espacios-publicos-2","12":"tag-limpieza","13":"tag-san-luis","14":"tag-slp","15":"tag-soledad"},"_links":{"self":[{"href":"https:\/\/cronicadesoledad.com\/index.php\/wp-json\/wp\/v2\/posts\/13661","targetHints":{"allow":["GET"]}}],"collection":[{"href":"https:\/\/cronicadesoledad.com\/index.php\/wp-json\/wp\/v2\/posts"}],"about":[{"href":"https:\/\/cronicadesoledad.com\/index.php\/wp-json\/wp\/v2\/types\/post"}],"author":[{"embeddable":true,"href":"https:\/\/cronicadesoledad.com\/index.php\/wp-json\/wp\/v2\/users\/2"}],"replies":[{"embeddable":true,"href":"https:\/\/cronicadesoledad.com\/index.php\/wp-json\/wp\/v2\/comments?post=13661"}],"version-history":[{"count":1,"href":"https:\/\/cronicadesoledad.com\/index.php\/wp-json\/wp\/v2\/posts\/13661\/revisions"}],"predecessor-version":[{"id":13663,"href":"https:\/\/cronicadesoledad.com\/index.php\/wp-json\/wp\/v2\/posts\/13661\/revisions\/13663"}],"wp:featuredmedia":[{"embeddable":true,"href":"https:\/\/cronicadesoledad.com\/index.php\/wp-json\/wp\/v2\/media\/13662"}],"wp:attachment":[{"href":"https:\/\/cronicadesoledad.com\/index.php\/wp-json\/wp\/v2\/media?parent=13661"}],"wp:term":[{"taxonomy":"category","embeddable":true,"href":"https:\/\/cronicadesoledad.com\/index.php\/wp-json\/wp\/v2\/categories?post=13661"},{"taxonomy":"post_tag","embeddable":true,"href":"https:\/\/cronicadesoledad.com\/index.php\/wp-json\/wp\/v2\/tags?post=13661"}],"curies":[{"name":"wp","href":"https:\/\/api.w.org\/{rel}","templated":true}]}}