{"id":13670,"date":"2024-12-23T04:00:00","date_gmt":"2024-12-23T10:00:00","guid":{"rendered":"https:\/\/cronicadesoledad.com\/?p=13670"},"modified":"2024-12-23T01:37:19","modified_gmt":"2024-12-23T07:37:19","slug":"cambios-en-la-dgspm","status":"publish","type":"post","link":"https:\/\/cronicadesoledad.com\/index.php\/2024\/12\/23\/cambios-en-la-dgspm\/","title":{"rendered":"Rafa Mendoza, nuevo director de Seguridad"},"content":{"rendered":"\n<p>La tarde del jueves, el Alcalde de Soledad de Graciano S\u00e1nchez, Juan Manuel Navarro Mu\u00f1iz tom\u00f3 protesta a los nuevos mandos policiacos en la Direcci\u00f3n General de Seguridad P\u00fablica, con el objetivo de fortalecer la instituci\u00f3n de cara a una transici\u00f3n ordenada hacia la Guardia Civil Municipal.<\/p>\n\n\n\n<p>Estas acciones, junto con otros ajustes dentro de la administraci\u00f3n, buscan consolidar la coordinaci\u00f3n entre los distintos niveles de gobierno y fortalecer las estrategias de seguridad para garantizar la paz y la tranquilidad de los habitantes del municipio, adem\u00e1s de fomentar la prevenci\u00f3n del delito y la proximidad social hacia las y los soledenses.<\/p>\n\n\n\n<p>Entre los nuevos nombramientos destacan Rafael Mendoza Salazar, quien asumi\u00f3 la Direcci\u00f3n General de la corporaci\u00f3n; V\u00edctor Aristarco Cerna Pi\u00f1a, la Direcci\u00f3n de Fuerzas Municipales; y Edgar Horacio Obreg\u00f3n Coronado, como responsable de Tr\u00e1nsito y Polic\u00eda Vial, quienes a partir de este jueves asumen las riendas de la corporaci\u00f3n.<\/p>\n\n\n\n<p>El Alcalde instruy\u00f3 a los nuevos mandos a desempe\u00f1arse con responsabilidad, honestidad y servicio, as\u00ed como realizar un diagn\u00f3stico profundo de la corporaci\u00f3n y presentar resultados medibles a corto y mediano plazo.<\/p>\n\n\n\n<p>El exdirector general, Jorge Ram\u00edrez Leyva, present\u00f3 su renuncia por motivos personales. Por su parte, Jos\u00e9 Juan Sierra L\u00f3pez, anterior titular de Fuerzas Municipales, y Miguel \u00c1ngel Hern\u00e1ndez Hern\u00e1ndez, exdirector de Polic\u00eda Vial, continuar\u00e1n en la corporaci\u00f3n, donde ser\u00e1n evaluados y, con base en ello, se les asignar\u00e1n nuevas funciones.<\/p>\n\n\n\n<p>Estas medidas reflejan el compromiso de la administraci\u00f3n municipal con el fortalecimiento de la seguridad p\u00fablica y el combate de los delitos, y la mejora constante de los servicios para la ciudadan\u00eda.<\/p>\n","protected":false},"excerpt":{"rendered":"<p>La tarde del jueves, el Alcalde de Soledad de Graciano S\u00e1nchez, Juan Manuel Navarro Mu\u00f1iz tom\u00f3 protesta a los nuevos mandos policiacos en la Direcci\u00f3n General de Seguridad P\u00fablica, con el objetivo de fortalecer la instituci\u00f3n de cara a una transici\u00f3n ordenada hacia la Guardia Civil Municipal. Estas acciones, junto con otros ajustes dentro de [&hellip;]<\/p>\n","protected":false},"author":2,"featured_media":13671,"comment_status":"open","ping_status":"open","sticky":false,"template":"","format":"standard","meta":{"footnotes":""},"categories":[1,24,19,21],"tags":[223,2392,1835,294,276,261,27],"class_list":{"0":"post-13670","1":"post","2":"type-post","3":"status-publish","4":"format-standard","5":"has-post-thumbnail","7":"category-destacadas","8":"category-informacion-general","9":"category-seguridad","10":"category-tu-soledad","11":"tag-ayuntamiento-soledense","12":"tag-dgspm","13":"tag-policia-2","14":"tag-san-luis","15":"tag-seguridad","16":"tag-slp","17":"tag-soledad"},"_links":{"self":[{"href":"https:\/\/cronicadesoledad.com\/index.php\/wp-json\/wp\/v2\/posts\/13670","targetHints":{"allow":["GET"]}}],"collection":[{"href":"https:\/\/cronicadesoledad.com\/index.php\/wp-json\/wp\/v2\/posts"}],"about":[{"href":"https:\/\/cronicadesoledad.com\/index.php\/wp-json\/wp\/v2\/types\/post"}],"author":[{"embeddable":true,"href":"https:\/\/cronicadesoledad.com\/index.php\/wp-json\/wp\/v2\/users\/2"}],"replies":[{"embeddable":true,"href":"https:\/\/cronicadesoledad.com\/index.php\/wp-json\/wp\/v2\/comments?post=13670"}],"version-history":[{"count":2,"href":"https:\/\/cronicadesoledad.com\/index.php\/wp-json\/wp\/v2\/posts\/13670\/revisions"}],"predecessor-version":[{"id":13702,"href":"https:\/\/cronicadesoledad.com\/index.php\/wp-json\/wp\/v2\/posts\/13670\/revisions\/13702"}],"wp:featuredmedia":[{"embeddable":true,"href":"https:\/\/cronicadesoledad.com\/index.php\/wp-json\/wp\/v2\/media\/13671"}],"wp:attachment":[{"href":"https:\/\/cronicadesoledad.com\/index.php\/wp-json\/wp\/v2\/media?parent=13670"}],"wp:term":[{"taxonomy":"category","embeddable":true,"href":"https:\/\/cronicadesoledad.com\/index.php\/wp-json\/wp\/v2\/categories?post=13670"},{"taxonomy":"post_tag","embeddable":true,"href":"https:\/\/cronicadesoledad.com\/index.php\/wp-json\/wp\/v2\/tags?post=13670"}],"curies":[{"name":"wp","href":"https:\/\/api.w.org\/{rel}","templated":true}]}}