{"id":13707,"date":"2024-12-23T04:30:00","date_gmt":"2024-12-23T10:30:00","guid":{"rendered":"https:\/\/cronicadesoledad.com\/?p=13707"},"modified":"2024-12-23T01:44:01","modified_gmt":"2024-12-23T07:44:01","slug":"francois-martinez-deslumbra-con-su-voz-en-italia","status":"publish","type":"post","link":"https:\/\/cronicadesoledad.com\/index.php\/2024\/12\/23\/francois-martinez-deslumbra-con-su-voz-en-italia\/","title":{"rendered":"Fran\u00e7ois Mart\u00ednez deslumbra con su voz en Italia"},"content":{"rendered":"\n<p>El contratenor potosino Fran\u00e7ois I. Mart\u00ednez celebr\u00f3 su destacada trayectoria art\u00edstica de 11 a\u00f1os con un emotivo concierto en el Colegio Pontificio Mexicano en Roma. El evento, realizado el pasado domingo 8 de diciembre a las 19:30 horas, cont\u00f3 con la participaci\u00f3n del reconocido pianista israel\u00ed Bijan Moghimi, quien acompa\u00f1\u00f3 magistralmente al cantante.<\/p>\n\n\n\n<p>Tras su presentaci\u00f3n en Roma, Fran\u00e7ois se prepara para llevar su talento a otras ciudades ic\u00f3nicas de Italia. En los pr\u00f3ximos d\u00edas debutar\u00e1 en Florencia y Como, continuando con su misi\u00f3n de compartir su arte en escenarios internacionales.<\/p>\n\n\n\n<p>\u201cSiempre me ha gustado cantar. Quienes me conocen de toda la vida pueden confirmarlo. Nunca pens\u00e9 en hacerlo por fama o reconocimiento, s\u00f3lo por gusto y por compartir, pero no puedo negar que el canto me ha llevado a vivir experiencias que nunca hubiera imaginado\u201d, expres\u00f3 el artista potosino.<\/p>\n\n\n\n<p>Con este logro, Fran\u00e7ois reafirma su posici\u00f3n como uno de los talentos m\u00e1s destacados de San Luis Potos\u00ed, llevando la m\u00fasica y la cultura mexicana a nuevos horizontes. Reconocido por su excepcional destreza y dedicaci\u00f3n a la m\u00fasica cl\u00e1sica y barroca, \u201cEl nuevo orgullo de Mexquitic\u201d cautiv\u00f3 al p\u00fablico con un programa que abarc\u00f3 obras de compositores legendarios.<\/p>\n","protected":false},"excerpt":{"rendered":"<p>El contratenor potosino Fran\u00e7ois I. Mart\u00ednez celebr\u00f3 su destacada trayectoria art\u00edstica de 11 a\u00f1os con un emotivo concierto en el Colegio Pontificio Mexicano en Roma. El evento, realizado el pasado domingo 8 de diciembre a las 19:30 horas, cont\u00f3 con la participaci\u00f3n del reconocido pianista israel\u00ed Bijan Moghimi, quien acompa\u00f1\u00f3 magistralmente al cantante. Tras su [&hellip;]<\/p>\n","protected":false},"author":2,"featured_media":13708,"comment_status":"open","ping_status":"open","sticky":false,"template":"","format":"standard","meta":{"footnotes":""},"categories":[1,24],"tags":[334,288,3038,3039,294,261],"class_list":{"0":"post-13707","1":"post","2":"type-post","3":"status-publish","4":"format-standard","5":"has-post-thumbnail","7":"category-destacadas","8":"category-informacion-general","9":"tag-cultura","10":"tag-internacional","11":"tag-italia","12":"tag-musica-3","13":"tag-san-luis","14":"tag-slp"},"_links":{"self":[{"href":"https:\/\/cronicadesoledad.com\/index.php\/wp-json\/wp\/v2\/posts\/13707","targetHints":{"allow":["GET"]}}],"collection":[{"href":"https:\/\/cronicadesoledad.com\/index.php\/wp-json\/wp\/v2\/posts"}],"about":[{"href":"https:\/\/cronicadesoledad.com\/index.php\/wp-json\/wp\/v2\/types\/post"}],"author":[{"embeddable":true,"href":"https:\/\/cronicadesoledad.com\/index.php\/wp-json\/wp\/v2\/users\/2"}],"replies":[{"embeddable":true,"href":"https:\/\/cronicadesoledad.com\/index.php\/wp-json\/wp\/v2\/comments?post=13707"}],"version-history":[{"count":1,"href":"https:\/\/cronicadesoledad.com\/index.php\/wp-json\/wp\/v2\/posts\/13707\/revisions"}],"predecessor-version":[{"id":13709,"href":"https:\/\/cronicadesoledad.com\/index.php\/wp-json\/wp\/v2\/posts\/13707\/revisions\/13709"}],"wp:featuredmedia":[{"embeddable":true,"href":"https:\/\/cronicadesoledad.com\/index.php\/wp-json\/wp\/v2\/media\/13708"}],"wp:attachment":[{"href":"https:\/\/cronicadesoledad.com\/index.php\/wp-json\/wp\/v2\/media?parent=13707"}],"wp:term":[{"taxonomy":"category","embeddable":true,"href":"https:\/\/cronicadesoledad.com\/index.php\/wp-json\/wp\/v2\/categories?post=13707"},{"taxonomy":"post_tag","embeddable":true,"href":"https:\/\/cronicadesoledad.com\/index.php\/wp-json\/wp\/v2\/tags?post=13707"}],"curies":[{"name":"wp","href":"https:\/\/api.w.org\/{rel}","templated":true}]}}