{"id":13771,"date":"2024-12-28T00:29:59","date_gmt":"2024-12-28T06:29:59","guid":{"rendered":"https:\/\/cronicadesoledad.com\/?p=13771"},"modified":"2024-12-28T00:29:59","modified_gmt":"2024-12-28T06:29:59","slug":"dif-municipal-lleva-alegria-y-esperanza-a-comunidades-rurales","status":"publish","type":"post","link":"https:\/\/cronicadesoledad.com\/index.php\/2024\/12\/28\/dif-municipal-lleva-alegria-y-esperanza-a-comunidades-rurales\/","title":{"rendered":"DIF Municipal lleva alegr\u00eda y esperanza a comunidades rurales"},"content":{"rendered":"\n<p>En esta temporada navide\u00f1a, el Sistema Municipal para el Desarrollo Integral de la Familia (DIF) de Soledad de Graciano S\u00e1nchez, llev\u00f3 la magia de la Navidad a diversas comunidades del municipio, llevando consigo alegr\u00eda, esperanza y el mensaje de paz, unidad y solidaridad, en voz de su Presidenta, Mar\u00eda del Pilar Cardona Reyna.<\/p>\n\n\n\n<p>Las tradicionales posadas del DIF Soledad llegaron a comunidades como La Tinaja, Palma de la Cruz, Estaci\u00f3n Techa, Pur\u00edsima y Estaci\u00f3n Ventura, donde ni\u00f1os, ni\u00f1as y sus familias vivieron momentos de diversi\u00f3n, risas y uni\u00f3n. En cada una de estas celebraciones, las y los peque\u00f1os disfrutaron de din\u00e1micas recreativas, juegos, y, como parte de la tradici\u00f3n, recibieron juguetes que iluminaron sus rostros con sonrisas.<\/p>\n\n\n\n<p>&#8220;Estas acciones refuerzan la cercan\u00eda de este Gobierno Municipal con todas las familias soledenses, sin importar la distancia, es un compromiso llevarles apoyo, beneficios y esperanza a cada rinc\u00f3n de nuestro Municipio&#8221;, destac\u00f3 la Presidenta del DIF, Mar\u00eda del Pilar Cardona Reyna.<\/p>\n\n\n\n<p>Adem\u00e1s de los momentos de esparcimiento, las familias recibieron despensas con productos de la canasta b\u00e1sica, lo cual contribuy\u00f3 a fortalecer el apoyo econ\u00f3mico y la seguridad alimentaria durante las festividades.<\/p>\n\n\n\n<p>En todas las comunidades, adem\u00e1s de las din\u00e1micas y regalos para los peque\u00f1os, la tradicional pi\u00f1ata alegr\u00f3 a todos los presentes, quienes compartieron una tarde llena de alegr\u00eda y convivencia. Con estas posadas, el DIF Municipal refuerza su compromiso de cercan\u00eda con las familias m\u00e1s vulnerables, llevando el esp\u00edritu navide\u00f1o a todos los hogares de Soledad de Graciano S\u00e1nchez.<\/p>\n","protected":false},"excerpt":{"rendered":"<p>En esta temporada navide\u00f1a, el Sistema Municipal para el Desarrollo Integral de la Familia (DIF) de Soledad de Graciano S\u00e1nchez, llev\u00f3 la magia de la Navidad a diversas comunidades del municipio, llevando consigo alegr\u00eda, esperanza y el mensaje de paz, unidad y solidaridad, en voz de su Presidenta, Mar\u00eda del Pilar Cardona Reyna. Las tradicionales [&hellip;]<\/p>\n","protected":false},"author":2,"featured_media":13772,"comment_status":"open","ping_status":"open","sticky":false,"template":"","format":"standard","meta":{"footnotes":""},"categories":[1,24,21],"tags":[223,1371,499,294,261,27],"class_list":{"0":"post-13771","1":"post","2":"type-post","3":"status-publish","4":"format-standard","5":"has-post-thumbnail","7":"category-destacadas","8":"category-informacion-general","9":"category-tu-soledad","10":"tag-ayuntamiento-soledense","11":"tag-comunidades","12":"tag-dif-municipal","13":"tag-san-luis","14":"tag-slp","15":"tag-soledad"},"_links":{"self":[{"href":"https:\/\/cronicadesoledad.com\/index.php\/wp-json\/wp\/v2\/posts\/13771","targetHints":{"allow":["GET"]}}],"collection":[{"href":"https:\/\/cronicadesoledad.com\/index.php\/wp-json\/wp\/v2\/posts"}],"about":[{"href":"https:\/\/cronicadesoledad.com\/index.php\/wp-json\/wp\/v2\/types\/post"}],"author":[{"embeddable":true,"href":"https:\/\/cronicadesoledad.com\/index.php\/wp-json\/wp\/v2\/users\/2"}],"replies":[{"embeddable":true,"href":"https:\/\/cronicadesoledad.com\/index.php\/wp-json\/wp\/v2\/comments?post=13771"}],"version-history":[{"count":1,"href":"https:\/\/cronicadesoledad.com\/index.php\/wp-json\/wp\/v2\/posts\/13771\/revisions"}],"predecessor-version":[{"id":13773,"href":"https:\/\/cronicadesoledad.com\/index.php\/wp-json\/wp\/v2\/posts\/13771\/revisions\/13773"}],"wp:featuredmedia":[{"embeddable":true,"href":"https:\/\/cronicadesoledad.com\/index.php\/wp-json\/wp\/v2\/media\/13772"}],"wp:attachment":[{"href":"https:\/\/cronicadesoledad.com\/index.php\/wp-json\/wp\/v2\/media?parent=13771"}],"wp:term":[{"taxonomy":"category","embeddable":true,"href":"https:\/\/cronicadesoledad.com\/index.php\/wp-json\/wp\/v2\/categories?post=13771"},{"taxonomy":"post_tag","embeddable":true,"href":"https:\/\/cronicadesoledad.com\/index.php\/wp-json\/wp\/v2\/tags?post=13771"}],"curies":[{"name":"wp","href":"https:\/\/api.w.org\/{rel}","templated":true}]}}