{"id":13785,"date":"2024-12-30T02:24:14","date_gmt":"2024-12-30T08:24:14","guid":{"rendered":"https:\/\/cronicadesoledad.com\/?p=13785"},"modified":"2024-12-30T02:24:14","modified_gmt":"2024-12-30T08:24:14","slug":"polemica-por-el-yate-de-cuauhtli-badillo","status":"publish","type":"post","link":"https:\/\/cronicadesoledad.com\/index.php\/2024\/12\/30\/polemica-por-el-yate-de-cuauhtli-badillo\/","title":{"rendered":"Pol\u00e9mica por el yate de Cuauhtli Badillo"},"content":{"rendered":"\n<p>El diputado Cuauhtli Badillo ha generado revuelo tras compartir im\u00e1genes de sus vacaciones a bordo de un lujoso yate. Aunque supuestamente que su viaje fue costeado de forma personal, algunos se\u00f1alamientos sugieren que el presupuesto del Congreso podr\u00eda haber sido una boya de apoyo. Las redes sociales, han convertido el asunto en tema de conversaci\u00f3n, entre especulaciones y memes.<\/p>\n\n\n\n<p>Badillo, quien parec\u00eda disfrutar de un merecido descanso, ahora enfrenta cuestionamientos sobre la transparencia en el uso de recursos p\u00fablicos. Aunque no se han presentado pruebas concretas, el p\u00fablico y algunos colegas consideran necesario aclarar el origen de su estilo vacacional. Mientras tanto, el bronceado del diputado se mantiene impecable, a pesar de las olas de cr\u00edticas que lo rodean.<\/p>\n\n\n\n<p>Por su parte, el Congreso guarda un prudente silencio, y el caso empieza a perfilarse como uno de los debates m\u00e1s comentados en la pol\u00edtica local. Ya sea una desafortunada coincidencia o un descuido en la narrativa, el episodio deja la sensaci\u00f3n de que el mar de San Luis Potos\u00ed tiene mucho m\u00e1s fondo del que parece.<\/p>\n","protected":false},"excerpt":{"rendered":"<p>El diputado Cuauhtli Badillo ha generado revuelo tras compartir im\u00e1genes de sus vacaciones a bordo de un lujoso yate. Aunque supuestamente que su viaje fue costeado de forma personal, algunos se\u00f1alamientos sugieren que el presupuesto del Congreso podr\u00eda haber sido una boya de apoyo. Las redes sociales, han convertido el asunto en tema de conversaci\u00f3n, [&hellip;]<\/p>\n","protected":false},"author":2,"featured_media":13786,"comment_status":"open","ping_status":"open","sticky":false,"template":"","format":"standard","meta":{"footnotes":""},"categories":[24],"tags":[3052,1107,294,261,27,1977],"class_list":{"0":"post-13785","1":"post","2":"type-post","3":"status-publish","4":"format-standard","5":"has-post-thumbnail","7":"category-informacion-general","8":"tag-cuauhtli-badillo","9":"tag-polemica","10":"tag-san-luis","11":"tag-slp","12":"tag-soledad","13":"tag-vacaciones"},"_links":{"self":[{"href":"https:\/\/cronicadesoledad.com\/index.php\/wp-json\/wp\/v2\/posts\/13785","targetHints":{"allow":["GET"]}}],"collection":[{"href":"https:\/\/cronicadesoledad.com\/index.php\/wp-json\/wp\/v2\/posts"}],"about":[{"href":"https:\/\/cronicadesoledad.com\/index.php\/wp-json\/wp\/v2\/types\/post"}],"author":[{"embeddable":true,"href":"https:\/\/cronicadesoledad.com\/index.php\/wp-json\/wp\/v2\/users\/2"}],"replies":[{"embeddable":true,"href":"https:\/\/cronicadesoledad.com\/index.php\/wp-json\/wp\/v2\/comments?post=13785"}],"version-history":[{"count":1,"href":"https:\/\/cronicadesoledad.com\/index.php\/wp-json\/wp\/v2\/posts\/13785\/revisions"}],"predecessor-version":[{"id":13787,"href":"https:\/\/cronicadesoledad.com\/index.php\/wp-json\/wp\/v2\/posts\/13785\/revisions\/13787"}],"wp:featuredmedia":[{"embeddable":true,"href":"https:\/\/cronicadesoledad.com\/index.php\/wp-json\/wp\/v2\/media\/13786"}],"wp:attachment":[{"href":"https:\/\/cronicadesoledad.com\/index.php\/wp-json\/wp\/v2\/media?parent=13785"}],"wp:term":[{"taxonomy":"category","embeddable":true,"href":"https:\/\/cronicadesoledad.com\/index.php\/wp-json\/wp\/v2\/categories?post=13785"},{"taxonomy":"post_tag","embeddable":true,"href":"https:\/\/cronicadesoledad.com\/index.php\/wp-json\/wp\/v2\/tags?post=13785"}],"curies":[{"name":"wp","href":"https:\/\/api.w.org\/{rel}","templated":true}]}}