{"id":13792,"date":"2024-12-30T03:10:00","date_gmt":"2024-12-30T09:10:00","guid":{"rendered":"https:\/\/cronicadesoledad.com\/?p=13792"},"modified":"2024-12-30T02:32:57","modified_gmt":"2024-12-30T08:32:57","slug":"llegan-dos-nuevos-fichajes-al-atletico-de-san-luis","status":"publish","type":"post","link":"https:\/\/cronicadesoledad.com\/index.php\/2024\/12\/30\/llegan-dos-nuevos-fichajes-al-atletico-de-san-luis\/","title":{"rendered":"Llegan dos nuevos fichajes al Atl\u00e9tico de San Luis"},"content":{"rendered":"\n<p>El Atl\u00e9tico de San Luis ha confirmado dos nuevos fichajes para reforzar su plantilla de cara al Torneo de Clausura 2025. El primero es Miguel Alonso Garc\u00eda, mediocampista de 23 a\u00f1os, quien llega tras destacarse en Venados de M\u00e9rida. Durante su tiempo en la Liga Expansi\u00f3n, disput\u00f3 76 partidos y fue clave en la pasada campa\u00f1a, destacando por su capacidad en duelos 1vs1 y en su aporte ofensivo.<\/p>\n\n\n\n<p>Por otro lado, Sebasti\u00e1n P\u00e9rez Bouquet, mediocampista de 21 a\u00f1os originario de Guadalajara, tambi\u00e9n se une al equipo. Sebasti\u00e1n hizo su debut en la Primera Divisi\u00f3n con Chivas en 2022 y, despu\u00e9s de una etapa destacada con Tapat\u00edo en la Liga Expansi\u00f3n, se traslad\u00f3 al FC Ju\u00e1rez antes de llegar al Atl\u00e9tico de San Luis. Aportar\u00e1 su experiencia y visi\u00f3n de juego al mediocampo.<\/p>\n\n\n\n<p>Ambos jugadores est\u00e1n listos para integrarse a los trabajos de pretemporada, con el objetivo de ayudar al equipo a mejorar su rendimiento en la siguiente edici\u00f3n del torneo. Garc\u00eda y P\u00e9rez Bouquet aportar\u00e1n talento y competitividad, fortaleciendo el plantel potosino de cara a los retos del 2025.<\/p>\n\n\n\n<p>La incorporaci\u00f3n de estos dos mediocampistas es parte de la estrategia del Atl\u00e9tico de San Luis para continuar su crecimiento en la Liga MX y mejorar sus resultados. Con jugadores j\u00f3venes y con experiencia en la liga, el equipo busca mantener su competitividad en el Torneo de Clausura.<\/p>\n\n\n\n<p>Los nuevos refuerzos expresan su entusiasmo por unirse a la instituci\u00f3n y su compromiso de trabajar al m\u00e1ximo para aportar al \u00e9xito colectivo. El equipo potosino sigue con su preparaci\u00f3n para su debut ante Tigres el pr\u00f3ximo 11 de enero, y las expectativas son altas para estos nuevos fichajes.<\/p>\n","protected":false},"excerpt":{"rendered":"<p>El Atl\u00e9tico de San Luis ha confirmado dos nuevos fichajes para reforzar su plantilla de cara al Torneo de Clausura 2025. El primero es Miguel Alonso Garc\u00eda, mediocampista de 23 a\u00f1os, quien llega tras destacarse en Venados de M\u00e9rida. Durante su tiempo en la Liga Expansi\u00f3n, disput\u00f3 76 partidos y fue clave en la pasada [&hellip;]<\/p>\n","protected":false},"author":2,"featured_media":13793,"comment_status":"open","ping_status":"open","sticky":false,"template":"","format":"standard","meta":{"footnotes":""},"categories":[20,24],"tags":[615,3054,272,376,287,294,261,27],"class_list":{"0":"post-13792","1":"post","2":"type-post","3":"status-publish","4":"format-standard","5":"has-post-thumbnail","7":"category-cronica-deportiva","8":"category-informacion-general","9":"tag-atletico-de-san-luis","10":"tag-fichajes","11":"tag-futbol","12":"tag-liga-bbva-mx","13":"tag-nacional","14":"tag-san-luis","15":"tag-slp","16":"tag-soledad"},"_links":{"self":[{"href":"https:\/\/cronicadesoledad.com\/index.php\/wp-json\/wp\/v2\/posts\/13792","targetHints":{"allow":["GET"]}}],"collection":[{"href":"https:\/\/cronicadesoledad.com\/index.php\/wp-json\/wp\/v2\/posts"}],"about":[{"href":"https:\/\/cronicadesoledad.com\/index.php\/wp-json\/wp\/v2\/types\/post"}],"author":[{"embeddable":true,"href":"https:\/\/cronicadesoledad.com\/index.php\/wp-json\/wp\/v2\/users\/2"}],"replies":[{"embeddable":true,"href":"https:\/\/cronicadesoledad.com\/index.php\/wp-json\/wp\/v2\/comments?post=13792"}],"version-history":[{"count":1,"href":"https:\/\/cronicadesoledad.com\/index.php\/wp-json\/wp\/v2\/posts\/13792\/revisions"}],"predecessor-version":[{"id":13794,"href":"https:\/\/cronicadesoledad.com\/index.php\/wp-json\/wp\/v2\/posts\/13792\/revisions\/13794"}],"wp:featuredmedia":[{"embeddable":true,"href":"https:\/\/cronicadesoledad.com\/index.php\/wp-json\/wp\/v2\/media\/13793"}],"wp:attachment":[{"href":"https:\/\/cronicadesoledad.com\/index.php\/wp-json\/wp\/v2\/media?parent=13792"}],"wp:term":[{"taxonomy":"category","embeddable":true,"href":"https:\/\/cronicadesoledad.com\/index.php\/wp-json\/wp\/v2\/categories?post=13792"},{"taxonomy":"post_tag","embeddable":true,"href":"https:\/\/cronicadesoledad.com\/index.php\/wp-json\/wp\/v2\/tags?post=13792"}],"curies":[{"name":"wp","href":"https:\/\/api.w.org\/{rel}","templated":true}]}}