{"id":13807,"date":"2024-12-30T04:10:00","date_gmt":"2024-12-30T10:10:00","guid":{"rendered":"https:\/\/cronicadesoledad.com\/?p=13807"},"modified":"2024-12-30T02:55:39","modified_gmt":"2024-12-30T08:55:39","slug":"que-hay-para-el-2025","status":"publish","type":"post","link":"https:\/\/cronicadesoledad.com\/index.php\/2024\/12\/30\/que-hay-para-el-2025\/","title":{"rendered":"\u00bfQu\u00e9 hay para el 2025?"},"content":{"rendered":"\n<p>El 2025 ser\u00e1 un a\u00f1o crucial para San Luis Potos\u00ed, un periodo en el que la ciencia, la tecnolog\u00eda y el esfuerzo colectivo converger\u00e1n para construir una sociedad m\u00e1s justa, equitativa y en constante crecimiento. Los avances previstos no solo apuntan a mejorar las condiciones de vida, sino tambi\u00e9n a fortalecer los lazos comunitarios y a garantizar oportunidades para todos.<\/p>\n\n\n\n<p>La lucha contra enfermedades como la demencia y el Alzheimer simboliza un compromiso global con la salud y el bienestar, avances que podr\u00edan tener un impacto directo en la poblaci\u00f3n potosina. Adem\u00e1s, la incorporaci\u00f3n de tecnolog\u00edas gen\u00e9ticas promete prevenir enfermedades desde el nacimiento, brindando a las nuevas generaciones un futuro m\u00e1s saludable y prometedor.<\/p>\n\n\n\n<p>En San Luis Potos\u00ed, la transici\u00f3n hacia energ\u00edas limpias y renovables, como la solar, permitir\u00e1 no solo un entorno m\u00e1s sostenible, sino tambi\u00e9n nuevas oportunidades econ\u00f3micas. La posibilidad de generar alimentos accesibles para todos, gracias a t\u00e9cnicas agr\u00edcolas avanzadas, ser\u00e1 un motor para combatir la desigualdad y garantizar el derecho fundamental a la alimentaci\u00f3n.<\/p>\n\n\n\n<p>El desarrollo de transportes el\u00e9ctricos, tanto terrestres como a\u00e9reos, contribuir\u00e1 a una movilidad m\u00e1s eficiente y ecol\u00f3gica, transformando las ciudades del estado en espacios m\u00e1s accesibles y sostenibles. A la par, la conectividad digital avanzar\u00e1 a pasos agigantados, facilitando la educaci\u00f3n, el trabajo y la vida cotidiana de los potosinos.<\/p>\n\n\n\n<p>La sostenibilidad ser\u00e1 otro pilar fundamental. Con el uso de materiales biodegradables como la nanocelulosa, San Luis Potos\u00ed podr\u00e1 posicionarse como un referente en la lucha contra la contaminaci\u00f3n, consolidando un entorno m\u00e1s limpio y habitable.<\/p>\n\n\n\n<p>En el \u00e1mbito de la salud, la mejora en tratamientos m\u00e9dicos y la personalizaci\u00f3n de la atenci\u00f3n reforzar\u00e1n el compromiso del estado con una sociedad m\u00e1s equitativa. Desde la prevenci\u00f3n de enfermedades hasta la implementaci\u00f3n de terapias m\u00e1s efectivas, el bienestar ser\u00e1 un eje central del desarrollo regional.<\/p>\n\n\n\n<p>En este contexto, San Luis Potos\u00ed tiene la oportunidad de liderar un cambio, uniendo el progreso tecnol\u00f3gico con un enfoque humano y solidario. El 2025 no solo ser\u00e1 un a\u00f1o de innovaci\u00f3n, sino tambi\u00e9n un momento para fortalecer la justicia social, la equidad y el sentido de comunidad, creando un futuro donde todos los potosinos puedan prosperar juntos.<\/p>\n","protected":false},"excerpt":{"rendered":"<p>El 2025 ser\u00e1 un a\u00f1o crucial para San Luis Potos\u00ed, un periodo en el que la ciencia, la tecnolog\u00eda y el esfuerzo colectivo converger\u00e1n para construir una sociedad m\u00e1s justa, equitativa y en constante crecimiento. Los avances previstos no solo apuntan a mejorar las condiciones de vida, sino tambi\u00e9n a fortalecer los lazos comunitarios y [&hellip;]<\/p>\n","protected":false},"author":2,"featured_media":13808,"comment_status":"open","ping_status":"open","sticky":false,"template":"","format":"standard","meta":{"footnotes":""},"categories":[1,24],"tags":[2922,1148,288,287,294,261,27],"class_list":{"0":"post-13807","1":"post","2":"type-post","3":"status-publish","4":"format-standard","5":"has-post-thumbnail","7":"category-destacadas","8":"category-informacion-general","9":"tag-2922","10":"tag-ano-nuevo","11":"tag-internacional","12":"tag-nacional","13":"tag-san-luis","14":"tag-slp","15":"tag-soledad"},"_links":{"self":[{"href":"https:\/\/cronicadesoledad.com\/index.php\/wp-json\/wp\/v2\/posts\/13807","targetHints":{"allow":["GET"]}}],"collection":[{"href":"https:\/\/cronicadesoledad.com\/index.php\/wp-json\/wp\/v2\/posts"}],"about":[{"href":"https:\/\/cronicadesoledad.com\/index.php\/wp-json\/wp\/v2\/types\/post"}],"author":[{"embeddable":true,"href":"https:\/\/cronicadesoledad.com\/index.php\/wp-json\/wp\/v2\/users\/2"}],"replies":[{"embeddable":true,"href":"https:\/\/cronicadesoledad.com\/index.php\/wp-json\/wp\/v2\/comments?post=13807"}],"version-history":[{"count":1,"href":"https:\/\/cronicadesoledad.com\/index.php\/wp-json\/wp\/v2\/posts\/13807\/revisions"}],"predecessor-version":[{"id":13809,"href":"https:\/\/cronicadesoledad.com\/index.php\/wp-json\/wp\/v2\/posts\/13807\/revisions\/13809"}],"wp:featuredmedia":[{"embeddable":true,"href":"https:\/\/cronicadesoledad.com\/index.php\/wp-json\/wp\/v2\/media\/13808"}],"wp:attachment":[{"href":"https:\/\/cronicadesoledad.com\/index.php\/wp-json\/wp\/v2\/media?parent=13807"}],"wp:term":[{"taxonomy":"category","embeddable":true,"href":"https:\/\/cronicadesoledad.com\/index.php\/wp-json\/wp\/v2\/categories?post=13807"},{"taxonomy":"post_tag","embeddable":true,"href":"https:\/\/cronicadesoledad.com\/index.php\/wp-json\/wp\/v2\/tags?post=13807"}],"curies":[{"name":"wp","href":"https:\/\/api.w.org\/{rel}","templated":true}]}}