{"id":13861,"date":"2025-01-02T10:00:00","date_gmt":"2025-01-02T16:00:00","guid":{"rendered":"https:\/\/cronicadesoledad.com\/?p=13861"},"modified":"2025-01-02T22:20:59","modified_gmt":"2025-01-03T04:20:59","slug":"arranco-pago-de-impuesto-predial-con-15-de-descuento","status":"publish","type":"post","link":"https:\/\/cronicadesoledad.com\/index.php\/2025\/01\/02\/arranco-pago-de-impuesto-predial-con-15-de-descuento\/","title":{"rendered":"Arranc\u00f3 pago de impuesto predial con 15% de descuento"},"content":{"rendered":"\n<p>Con una gran convocatoria de la ciudadan\u00eda, inici\u00f3 el programa de descuentos en el pago del impuesto predial ofrecido por el Gobierno Municipal de Soledad de Graciano S\u00e1nchez; siendo del 15% menos durante el mes de enero.<\/p>\n\n\n\n<p>Desde las 5 de la ma\u00f1ana, llegaron los primeros contribuyentes a cumplir con esta responsabilidad fiscal a los 9 puntos de cobro distribuidos estrat\u00e9gicamente en el municipio, siendo acreedores a un incentivo por su cumplimiento, com\u00ed un electrodom\u00e9stico y enser para el hogar.<\/p>\n\n\n\n<p>Los puntos con mayor afluencia de filas de contribuyentes son las cajas recaudadoras de Presidencia y calle Negrete en la Cabecera municipal, as\u00ed como la Unidad M\u00f3vil ubicada en bulevar Valle de los Fantasmas y av. Ricardo B. Anaya; Quintas de la Hacienda y La Sierra.<\/p>\n\n\n\n<p>Desde d\u00edas previos, la Direcci\u00f3n de Catastro supervis\u00f3 que todo estuviera en orden para garantizar la cercan\u00eda con la gente, e iniciar el cobro a partir de las 6:30 horas en todos los puntos, ofreciendo agilidad y comodidad a toda la poblaci\u00f3n.<\/p>\n\n\n\n<p>Este programa fomenta la participaci\u00f3n ciudadana con sus autoridades, garantizando que lo recaudado sea devuelto en servicios p\u00fablicos de calidad y mejora de la calidad de vida de las personas.<\/p>\n","protected":false},"excerpt":{"rendered":"<p>Con una gran convocatoria de la ciudadan\u00eda, inici\u00f3 el programa de descuentos en el pago del impuesto predial ofrecido por el Gobierno Municipal de Soledad de Graciano S\u00e1nchez; siendo del 15% menos durante el mes de enero. Desde las 5 de la ma\u00f1ana, llegaron los primeros contribuyentes a cumplir con esta responsabilidad fiscal a los [&hellip;]<\/p>\n","protected":false},"author":2,"featured_media":13862,"comment_status":"open","ping_status":"open","sticky":false,"template":"","format":"standard","meta":{"footnotes":""},"categories":[1,24,21],"tags":[223,488,294,261,27],"class_list":{"0":"post-13861","1":"post","2":"type-post","3":"status-publish","4":"format-standard","5":"has-post-thumbnail","7":"category-destacadas","8":"category-informacion-general","9":"category-tu-soledad","10":"tag-ayuntamiento-soledense","11":"tag-impuesto-predial","12":"tag-san-luis","13":"tag-slp","14":"tag-soledad"},"_links":{"self":[{"href":"https:\/\/cronicadesoledad.com\/index.php\/wp-json\/wp\/v2\/posts\/13861","targetHints":{"allow":["GET"]}}],"collection":[{"href":"https:\/\/cronicadesoledad.com\/index.php\/wp-json\/wp\/v2\/posts"}],"about":[{"href":"https:\/\/cronicadesoledad.com\/index.php\/wp-json\/wp\/v2\/types\/post"}],"author":[{"embeddable":true,"href":"https:\/\/cronicadesoledad.com\/index.php\/wp-json\/wp\/v2\/users\/2"}],"replies":[{"embeddable":true,"href":"https:\/\/cronicadesoledad.com\/index.php\/wp-json\/wp\/v2\/comments?post=13861"}],"version-history":[{"count":1,"href":"https:\/\/cronicadesoledad.com\/index.php\/wp-json\/wp\/v2\/posts\/13861\/revisions"}],"predecessor-version":[{"id":13863,"href":"https:\/\/cronicadesoledad.com\/index.php\/wp-json\/wp\/v2\/posts\/13861\/revisions\/13863"}],"wp:featuredmedia":[{"embeddable":true,"href":"https:\/\/cronicadesoledad.com\/index.php\/wp-json\/wp\/v2\/media\/13862"}],"wp:attachment":[{"href":"https:\/\/cronicadesoledad.com\/index.php\/wp-json\/wp\/v2\/media?parent=13861"}],"wp:term":[{"taxonomy":"category","embeddable":true,"href":"https:\/\/cronicadesoledad.com\/index.php\/wp-json\/wp\/v2\/categories?post=13861"},{"taxonomy":"post_tag","embeddable":true,"href":"https:\/\/cronicadesoledad.com\/index.php\/wp-json\/wp\/v2\/tags?post=13861"}],"curies":[{"name":"wp","href":"https:\/\/api.w.org\/{rel}","templated":true}]}}