{"id":13874,"date":"2025-01-02T22:48:59","date_gmt":"2025-01-03T04:48:59","guid":{"rendered":"https:\/\/cronicadesoledad.com\/?p=13874"},"modified":"2025-01-02T22:48:59","modified_gmt":"2025-01-03T04:48:59","slug":"aplican-reestructura-para-eficientar-limpieza-en-calles-y-avenidas","status":"publish","type":"post","link":"https:\/\/cronicadesoledad.com\/index.php\/2025\/01\/02\/aplican-reestructura-para-eficientar-limpieza-en-calles-y-avenidas\/","title":{"rendered":"Aplican reestructura para eficientar limpieza en calles y avenidas"},"content":{"rendered":"\n<p>En cumplimiento de las disposiciones del Alcalde Juan Manuel Navarro Mu\u00f1iz, de mejorar cada vez m\u00e1s los servicios que se brinda a la poblaci\u00f3n, la Direcci\u00f3n de Servicios Municipales de Soledad de Graciano S\u00e1nchez moderniza su esquema de trabajo integral, para mejorar la limpieza urbana, con especial atenci\u00f3n en avenidas principales y calles del municipio, alineando este servicio con el compromiso de la administraci\u00f3n de mantenerse cerca de las necesidades de la poblaci\u00f3n.<\/p>\n\n\n\n<p>Jos\u00e9 Antonio Zamarripa Quintero, titular de Servicios Municipales, detall\u00f3 que el esquema de trabajo para este 2025 incluye la operaci\u00f3n de tres cuadrillas conformadas por nueve personas cada una, en coordinaci\u00f3n con las \u00e1reas de Aseo P\u00fablico y Parques y Jardines, realizando limpiezas integrales en avenidas y calles principales, para mantener un entorno m\u00e1s limpio y seguro.<\/p>\n\n\n\n<p>El trabajo se organiza en jornadas continuas de 8:00 de la ma\u00f1ana a 8:00 de la noche con una respuesta r\u00e1pida a las quejas ciudadanas, a fin de atender las solicitudes de la poblaci\u00f3n en tiempo real. Esta semana se intervendr\u00e1n diversas zonas del municipio, con un trabajo especial de limpieza en los fraccionamientos El M\u00e1rquez, Nuevo Foresta, Cactus y Hogares Populares Pav\u00f3n.<\/p>\n\n\n\n<p>Como parte de este plan, se prev\u00e9 lanzar un sistema de atenci\u00f3n directa a trav\u00e9s de WhatsApp, que permitir\u00e1 a las y los soledenses reportar necesidades de forma inmediata; adem\u00e1s, se implementar\u00e1 un programa de atenci\u00f3n por colonias que garantizar\u00e1 la cobertura integral de servicios municipales en cada zona, solucionando sus principales necesidades en el momento.<\/p>\n","protected":false},"excerpt":{"rendered":"<p>En cumplimiento de las disposiciones del Alcalde Juan Manuel Navarro Mu\u00f1iz, de mejorar cada vez m\u00e1s los servicios que se brinda a la poblaci\u00f3n, la Direcci\u00f3n de Servicios Municipales de Soledad de Graciano S\u00e1nchez moderniza su esquema de trabajo integral, para mejorar la limpieza urbana, con especial atenci\u00f3n en avenidas principales y calles del municipio, [&hellip;]<\/p>\n","protected":false},"author":2,"featured_media":13865,"comment_status":"open","ping_status":"open","sticky":false,"template":"","format":"standard","meta":{"footnotes":""},"categories":[1,24,21],"tags":[2346,223,1428,581,294,261,27],"class_list":{"0":"post-13874","1":"post","2":"type-post","3":"status-publish","4":"format-standard","5":"has-post-thumbnail","7":"category-destacadas","8":"category-informacion-general","9":"category-tu-soledad","10":"tag-avenidas","11":"tag-ayuntamiento-soledense","12":"tag-calles","13":"tag-limpieza","14":"tag-san-luis","15":"tag-slp","16":"tag-soledad"},"_links":{"self":[{"href":"https:\/\/cronicadesoledad.com\/index.php\/wp-json\/wp\/v2\/posts\/13874","targetHints":{"allow":["GET"]}}],"collection":[{"href":"https:\/\/cronicadesoledad.com\/index.php\/wp-json\/wp\/v2\/posts"}],"about":[{"href":"https:\/\/cronicadesoledad.com\/index.php\/wp-json\/wp\/v2\/types\/post"}],"author":[{"embeddable":true,"href":"https:\/\/cronicadesoledad.com\/index.php\/wp-json\/wp\/v2\/users\/2"}],"replies":[{"embeddable":true,"href":"https:\/\/cronicadesoledad.com\/index.php\/wp-json\/wp\/v2\/comments?post=13874"}],"version-history":[{"count":1,"href":"https:\/\/cronicadesoledad.com\/index.php\/wp-json\/wp\/v2\/posts\/13874\/revisions"}],"predecessor-version":[{"id":13875,"href":"https:\/\/cronicadesoledad.com\/index.php\/wp-json\/wp\/v2\/posts\/13874\/revisions\/13875"}],"wp:featuredmedia":[{"embeddable":true,"href":"https:\/\/cronicadesoledad.com\/index.php\/wp-json\/wp\/v2\/media\/13865"}],"wp:attachment":[{"href":"https:\/\/cronicadesoledad.com\/index.php\/wp-json\/wp\/v2\/media?parent=13874"}],"wp:term":[{"taxonomy":"category","embeddable":true,"href":"https:\/\/cronicadesoledad.com\/index.php\/wp-json\/wp\/v2\/categories?post=13874"},{"taxonomy":"post_tag","embeddable":true,"href":"https:\/\/cronicadesoledad.com\/index.php\/wp-json\/wp\/v2\/tags?post=13874"}],"curies":[{"name":"wp","href":"https:\/\/api.w.org\/{rel}","templated":true}]}}