{"id":13885,"date":"2025-01-06T04:30:00","date_gmt":"2025-01-06T10:30:00","guid":{"rendered":"https:\/\/cronicadesoledad.com\/?p=13885"},"modified":"2025-01-06T01:35:21","modified_gmt":"2025-01-06T07:35:21","slug":"incendio-en-vivienda-dejas-dos-muertos","status":"publish","type":"post","link":"https:\/\/cronicadesoledad.com\/index.php\/2025\/01\/06\/incendio-en-vivienda-dejas-dos-muertos\/","title":{"rendered":"Incendio en vivienda dej\u00f3 dos muertos"},"content":{"rendered":"\n<p>Un lamentable incendio en Soledad de Graciano S\u00e1nchez dej\u00f3 como saldo la p\u00e9rdida de una mujer de 76 a\u00f1os y su hijo de 46, quienes quedaron atrapados en su vivienda durante la madrugada del domingo.<\/p>\n\n\n\n<p>El incidente ocurri\u00f3 en una casa del municipio. Vecinos, alarmados por las llamas, dieron aviso inmediato a los cuerpos de emergencia. A pesar de la r\u00e1pida respuesta de los bomberos y la polic\u00eda municipal, las v\u00edctimas ya hab\u00edan fallecido. Los bomberos lograron extinguir el fuego mientras la polic\u00eda acordonaba el lugar para permitir las investigaciones correspondientes.<\/p>\n\n\n\n<p>Familiares y habitantes de la comunidad expresaron su dolor por la tragedia, recordando a las v\u00edctimas como personas trabajadoras y respetadas. En respuesta, las autoridades municipales han ofrecido apoyo emocional y asistencia para los afectados.<\/p>\n\n\n\n<p>La causa del incendio a\u00fan est\u00e1 bajo investigaci\u00f3n. Las autoridades han emitido un llamado a la ciudadan\u00eda para revisar sus instalaciones el\u00e9ctricas y extremar medidas de seguridad en sus hogares con el fin de prevenir siniestros similares.<\/p>\n","protected":false},"excerpt":{"rendered":"<p>Un lamentable incendio en Soledad de Graciano S\u00e1nchez dej\u00f3 como saldo la p\u00e9rdida de una mujer de 76 a\u00f1os y su hijo de 46, quienes quedaron atrapados en su vivienda durante la madrugada del domingo. El incidente ocurri\u00f3 en una casa del municipio. Vecinos, alarmados por las llamas, dieron aviso inmediato a los cuerpos de [&hellip;]<\/p>\n","protected":false},"author":2,"featured_media":13886,"comment_status":"open","ping_status":"open","sticky":false,"template":"","format":"standard","meta":{"footnotes":""},"categories":[1,24,19],"tags":[1313,294,276,261,27,2037],"class_list":{"0":"post-13885","1":"post","2":"type-post","3":"status-publish","4":"format-standard","5":"has-post-thumbnail","7":"category-destacadas","8":"category-informacion-general","9":"category-seguridad","10":"tag-incendio","11":"tag-san-luis","12":"tag-seguridad","13":"tag-slp","14":"tag-soledad","15":"tag-tragedia"},"_links":{"self":[{"href":"https:\/\/cronicadesoledad.com\/index.php\/wp-json\/wp\/v2\/posts\/13885","targetHints":{"allow":["GET"]}}],"collection":[{"href":"https:\/\/cronicadesoledad.com\/index.php\/wp-json\/wp\/v2\/posts"}],"about":[{"href":"https:\/\/cronicadesoledad.com\/index.php\/wp-json\/wp\/v2\/types\/post"}],"author":[{"embeddable":true,"href":"https:\/\/cronicadesoledad.com\/index.php\/wp-json\/wp\/v2\/users\/2"}],"replies":[{"embeddable":true,"href":"https:\/\/cronicadesoledad.com\/index.php\/wp-json\/wp\/v2\/comments?post=13885"}],"version-history":[{"count":3,"href":"https:\/\/cronicadesoledad.com\/index.php\/wp-json\/wp\/v2\/posts\/13885\/revisions"}],"predecessor-version":[{"id":13913,"href":"https:\/\/cronicadesoledad.com\/index.php\/wp-json\/wp\/v2\/posts\/13885\/revisions\/13913"}],"wp:featuredmedia":[{"embeddable":true,"href":"https:\/\/cronicadesoledad.com\/index.php\/wp-json\/wp\/v2\/media\/13886"}],"wp:attachment":[{"href":"https:\/\/cronicadesoledad.com\/index.php\/wp-json\/wp\/v2\/media?parent=13885"}],"wp:term":[{"taxonomy":"category","embeddable":true,"href":"https:\/\/cronicadesoledad.com\/index.php\/wp-json\/wp\/v2\/categories?post=13885"},{"taxonomy":"post_tag","embeddable":true,"href":"https:\/\/cronicadesoledad.com\/index.php\/wp-json\/wp\/v2\/tags?post=13885"}],"curies":[{"name":"wp","href":"https:\/\/api.w.org\/{rel}","templated":true}]}}