{"id":13903,"date":"2025-01-06T03:30:00","date_gmt":"2025-01-06T09:30:00","guid":{"rendered":"https:\/\/cronicadesoledad.com\/?p=13903"},"modified":"2025-01-06T01:25:07","modified_gmt":"2025-01-06T07:25:07","slug":"arranca-el-2025-con-mejor-infraestructura-urbana","status":"publish","type":"post","link":"https:\/\/cronicadesoledad.com\/index.php\/2025\/01\/06\/arranca-el-2025-con-mejor-infraestructura-urbana\/","title":{"rendered":"Arranca el 2025 con mejor infraestructura urbana"},"content":{"rendered":"\n<p>Con una inversi\u00f3n superior a los cuatro millones de pesos, el Gobernador de San Luis Potos\u00ed, Ricardo Gallardo Cardona, en conjunto con el Concejo Municipal de Villa de Pozos, encabezado por la presidenta concejal Teresa Rivera Acevedo, inici\u00f3 la rehabilitaci\u00f3n integral de la avenida Paseo Valle de las Recuas. Esta obra beneficiar\u00e1 a m\u00e1s de dos mil familias que transitan diariamente por esta vialidad clave, en el tramo comprendido entre la calle 24 y Valle de Dolores Trompeta, en el fraccionamiento Los Molinos.<\/p>\n\n\n\n<p>El proyecto contempla una reconstrucci\u00f3n completa que incluye bacheo, reencarpetado, nivelaci\u00f3n y mejora de la se\u00f1alizaci\u00f3n, as\u00ed como la renovaci\u00f3n de tuber\u00edas de agua potable, drenaje y desazolve. Adem\u00e1s, se instalar\u00e1n nuevas redes, alcantarillas y pozos de visita para prevenir inundaciones y garantizar un suministro eficiente de agua limpia. Estas mejoras buscan elevar la calidad de vida de los habitantes, evitar problemas recurrentes como inundaciones y lodo en temporada de lluvias, y aumentar la plusval\u00eda de las colonias circundantes.<\/p>\n\n\n\n<p>El Gobernador Gallardo Cardona enfatiz\u00f3 el compromiso del Gobierno del Estado de transformar la infraestructura de Villa de Pozos, una regi\u00f3n que, tras d\u00e9cadas de abandono, comienza a experimentar un cambio significativo. \u201cHoy las familias podr\u00e1n disfrutar de calles dignas y vialidades funcionales que mejoran la movilidad y la calidad de vida. Villa de Pozos es ahora una prioridad, y seguiremos trabajando para construir un mejor San Luis Potos\u00ed\u201d, destac\u00f3.<\/p>\n\n\n\n<p>Por su parte, Teresa Rivera Acevedo subray\u00f3 que esta obra marca el inicio de un 2025 con el pie derecho para Villa de Pozos. La presidenta concejal tambi\u00e9n adelant\u00f3 que en los pr\u00f3ximos meses se dar\u00e1n a conocer nuevos proyectos de infraestructura y servicios p\u00fablicos enfocados en atender las necesidades espec\u00edficas de cada colonia. \u201cJuntos, y solo juntos, devolveremos la dignidad que Villa de Pozos merece\u201d, afirm\u00f3.<\/p>\n\n\n\n<p>El inicio de estas obras representa un avance crucial en el esfuerzo por cerrar brechas de desigualdad y mejorar las condiciones de vida de las y los habitantes de Villa de Pozos, reforzando la visi\u00f3n de un San Luis Potos\u00ed m\u00e1s moderno, equitativo y sustentable.<\/p>\n","protected":false},"excerpt":{"rendered":"<p>Con una inversi\u00f3n superior a los cuatro millones de pesos, el Gobernador de San Luis Potos\u00ed, Ricardo Gallardo Cardona, en conjunto con el Concejo Municipal de Villa de Pozos, encabezado por la presidenta concejal Teresa Rivera Acevedo, inici\u00f3 la rehabilitaci\u00f3n integral de la avenida Paseo Valle de las Recuas. Esta obra beneficiar\u00e1 a m\u00e1s de [&hellip;]<\/p>\n","protected":false},"author":2,"featured_media":13904,"comment_status":"open","ping_status":"open","sticky":false,"template":"","format":"standard","meta":{"footnotes":""},"categories":[30,1,24],"tags":[2922,2829,1158,1246,294,261,1068],"class_list":{"0":"post-13903","1":"post","2":"type-post","3":"status-publish","4":"format-standard","5":"has-post-thumbnail","7":"category-de-la-region-centro","8":"category-destacadas","9":"category-informacion-general","10":"tag-2922","11":"tag-ayuntamiento-de-villa-de-pozos","12":"tag-gobierno-del-estado","13":"tag-infraestructura-urbana","14":"tag-san-luis","15":"tag-slp","16":"tag-villa-de-pozos"},"_links":{"self":[{"href":"https:\/\/cronicadesoledad.com\/index.php\/wp-json\/wp\/v2\/posts\/13903","targetHints":{"allow":["GET"]}}],"collection":[{"href":"https:\/\/cronicadesoledad.com\/index.php\/wp-json\/wp\/v2\/posts"}],"about":[{"href":"https:\/\/cronicadesoledad.com\/index.php\/wp-json\/wp\/v2\/types\/post"}],"author":[{"embeddable":true,"href":"https:\/\/cronicadesoledad.com\/index.php\/wp-json\/wp\/v2\/users\/2"}],"replies":[{"embeddable":true,"href":"https:\/\/cronicadesoledad.com\/index.php\/wp-json\/wp\/v2\/comments?post=13903"}],"version-history":[{"count":1,"href":"https:\/\/cronicadesoledad.com\/index.php\/wp-json\/wp\/v2\/posts\/13903\/revisions"}],"predecessor-version":[{"id":13905,"href":"https:\/\/cronicadesoledad.com\/index.php\/wp-json\/wp\/v2\/posts\/13903\/revisions\/13905"}],"wp:featuredmedia":[{"embeddable":true,"href":"https:\/\/cronicadesoledad.com\/index.php\/wp-json\/wp\/v2\/media\/13904"}],"wp:attachment":[{"href":"https:\/\/cronicadesoledad.com\/index.php\/wp-json\/wp\/v2\/media?parent=13903"}],"wp:term":[{"taxonomy":"category","embeddable":true,"href":"https:\/\/cronicadesoledad.com\/index.php\/wp-json\/wp\/v2\/categories?post=13903"},{"taxonomy":"post_tag","embeddable":true,"href":"https:\/\/cronicadesoledad.com\/index.php\/wp-json\/wp\/v2\/tags?post=13903"}],"curies":[{"name":"wp","href":"https:\/\/api.w.org\/{rel}","templated":true}]}}