{"id":13917,"date":"2025-01-06T03:02:00","date_gmt":"2025-01-06T09:02:00","guid":{"rendered":"https:\/\/cronicadesoledad.com\/?p=13917"},"modified":"2025-01-06T01:40:03","modified_gmt":"2025-01-06T07:40:03","slug":"mexico-busca-reafirmar-su-poder-en-tiro-con-arco","status":"publish","type":"post","link":"https:\/\/cronicadesoledad.com\/index.php\/2025\/01\/06\/mexico-busca-reafirmar-su-poder-en-tiro-con-arco\/","title":{"rendered":"M\u00e9xico busca reafirmar su poder en tiro con arco"},"content":{"rendered":"\n<p>El 2025 inicia con el Selectivo Nacional de tiro con arco, con la intenci\u00f3n de consolidar a M\u00e9xico como potencia mundial. Los mejores arqueros nacionales competir\u00e1n en Monclova, Coahuila, para obtener un lugar en los eventos internacionales clave. La selecci\u00f3n nacional se jugar\u00e1 en varias fases, destacando figuras como Alejandra Valencia y \u00c1ngel Ruiz.<\/p>\n\n\n\n<p>La competencia es fundamental para las oportunidades de M\u00e9xico en el Campeonato Mundial y los Juegos Mundiales. Este proceso atraer\u00e1 a los m\u00e1ximos exponentes del pa\u00eds, quienes mostrar\u00e1n su nivel competitivo. El resultado de esta selecci\u00f3n impactar\u00e1 directamente en las futuras competencias internacionales.<\/p>\n\n\n\n<p>Adem\u00e1s de la clasificaci\u00f3n, se busca dar visibilidad a los atletas que puedan mantener el nivel que M\u00e9xico ha mostrado en eventos anteriores. Se esperan logros importantes que refuercen la reputaci\u00f3n del pa\u00eds en este deporte. Las expectativas son altas para los atletas que aspiran a representar a M\u00e9xico en competencias globales.<\/p>\n\n\n\n<p>El Selectivo Nacional ser\u00e1 un escaparate de talento, enfrent\u00e1ndose a los mejores arqueros en intensas pruebas. Este evento no solo marcar\u00e1 el camino hacia la \u00e9lite, sino tambi\u00e9n fortalecer\u00e1 el desarrollo del tiro con arco en el pa\u00eds. La selecci\u00f3n definitiva de los equipos ser\u00e1 crucial para los pr\u00f3ximos a\u00f1os deportivos.<\/p>\n","protected":false},"excerpt":{"rendered":"<p>El 2025 inicia con el Selectivo Nacional de tiro con arco, con la intenci\u00f3n de consolidar a M\u00e9xico como potencia mundial. Los mejores arqueros nacionales competir\u00e1n en Monclova, Coahuila, para obtener un lugar en los eventos internacionales clave. La selecci\u00f3n nacional se jugar\u00e1 en varias fases, destacando figuras como Alejandra Valencia y \u00c1ngel Ruiz. La [&hellip;]<\/p>\n","protected":false},"author":2,"featured_media":13918,"comment_status":"open","ping_status":"open","sticky":false,"template":"","format":"standard","meta":{"footnotes":""},"categories":[20,24],"tags":[321,271,2052,287,3076],"class_list":{"0":"post-13917","1":"post","2":"type-post","3":"status-publish","4":"format-standard","5":"has-post-thumbnail","7":"category-cronica-deportiva","8":"category-informacion-general","9":"tag-cronica-deportiva","10":"tag-deporte","11":"tag-mexico-2","12":"tag-nacional","13":"tag-tiro-con-arco"},"_links":{"self":[{"href":"https:\/\/cronicadesoledad.com\/index.php\/wp-json\/wp\/v2\/posts\/13917","targetHints":{"allow":["GET"]}}],"collection":[{"href":"https:\/\/cronicadesoledad.com\/index.php\/wp-json\/wp\/v2\/posts"}],"about":[{"href":"https:\/\/cronicadesoledad.com\/index.php\/wp-json\/wp\/v2\/types\/post"}],"author":[{"embeddable":true,"href":"https:\/\/cronicadesoledad.com\/index.php\/wp-json\/wp\/v2\/users\/2"}],"replies":[{"embeddable":true,"href":"https:\/\/cronicadesoledad.com\/index.php\/wp-json\/wp\/v2\/comments?post=13917"}],"version-history":[{"count":1,"href":"https:\/\/cronicadesoledad.com\/index.php\/wp-json\/wp\/v2\/posts\/13917\/revisions"}],"predecessor-version":[{"id":13919,"href":"https:\/\/cronicadesoledad.com\/index.php\/wp-json\/wp\/v2\/posts\/13917\/revisions\/13919"}],"wp:featuredmedia":[{"embeddable":true,"href":"https:\/\/cronicadesoledad.com\/index.php\/wp-json\/wp\/v2\/media\/13918"}],"wp:attachment":[{"href":"https:\/\/cronicadesoledad.com\/index.php\/wp-json\/wp\/v2\/media?parent=13917"}],"wp:term":[{"taxonomy":"category","embeddable":true,"href":"https:\/\/cronicadesoledad.com\/index.php\/wp-json\/wp\/v2\/categories?post=13917"},{"taxonomy":"post_tag","embeddable":true,"href":"https:\/\/cronicadesoledad.com\/index.php\/wp-json\/wp\/v2\/tags?post=13917"}],"curies":[{"name":"wp","href":"https:\/\/api.w.org\/{rel}","templated":true}]}}