{"id":13946,"date":"2025-01-07T15:34:53","date_gmt":"2025-01-07T21:34:53","guid":{"rendered":"https:\/\/cronicadesoledad.com\/?p=13946"},"modified":"2025-01-07T15:50:48","modified_gmt":"2025-01-07T21:50:48","slug":"preocupacion-por-aumento-de-tarifa-del-transporte-publico","status":"publish","type":"post","link":"https:\/\/cronicadesoledad.com\/index.php\/2025\/01\/07\/preocupacion-por-aumento-de-tarifa-del-transporte-publico\/","title":{"rendered":"Preocupaci\u00f3n por aumento de tarifa del transporte p\u00fablico"},"content":{"rendered":"<div class=\"wp-block-post-author\"><div class=\"wp-block-post-author__avatar\"><img alt='' src='https:\/\/secure.gravatar.com\/avatar\/c461dc1c9956ba6b09be4baf763c32ce123cc1e637ad7db5b65acf0117b48053?s=48&#038;d=mm&#038;r=g' srcset='https:\/\/secure.gravatar.com\/avatar\/c461dc1c9956ba6b09be4baf763c32ce123cc1e637ad7db5b65acf0117b48053?s=96&#038;d=mm&#038;r=g 2x' class='avatar avatar-48 photo' height='48' width='48' \/><\/div><div class=\"wp-block-post-author__content\"><p class=\"wp-block-post-author__name\">admin<\/p><\/div><\/div>\n\n\n<p>El pr\u00f3ximo 15 de enero se definir\u00e1 el aumento de la tarifa del transporte p\u00fablico en San Luis Potos\u00ed, basado en el \u00cdndice Nacional de Precios al Consumidor (INPC). Este ajuste ha generado preocupaci\u00f3n entre los usuarios, quienes temen que el incremento afecte significativamente su presupuesto diario. Daniela Mart\u00ednez, usuaria frecuente del transporte p\u00fablico, expres\u00f3 que aunque el aumento pueda parecer peque\u00f1o, se acumula considerablemente para quienes toman varios camiones al d\u00eda.<\/p>\n\n\n\n<p>Mart\u00ednez se\u00f1al\u00f3 que la calidad del servicio no justifica el aumento de la tarifa, ya que las unidades est\u00e1n muy deterioradas. Adem\u00e1s, destac\u00f3 la falta de capacitaci\u00f3n de los operarios, lo que representa un riesgo tanto para los usuarios como para otros veh\u00edculos en la v\u00eda p\u00fablica. &#8220;Es importante que se capacite adecuadamente a los operarios y se mejore el mantenimiento y limpieza de las unidades&#8221;, a\u00f1adi\u00f3.<\/p>\n\n\n\n<p>La ciudadan\u00eda ha manifestado su inconformidad con los constantes aumentos en las tarifas y la calidad del servicio. Muchos usuarios consideran que el incremento no se traduce en mejoras visibles en el sistema de transporte p\u00fablico. La Secretar\u00eda de Comunicaciones y Transportes del Estado (SCT) ha informado que el valor definitivo de la tarifa se dar\u00e1 a conocer a m\u00e1s tardar el 15 de enero, y se espera que este ajuste refleje los cambios en el costo de vida.<\/p>\n","protected":false},"excerpt":{"rendered":"<p>Usuarios preocupados por el impacto econ\u00f3mico en sus finanzas<\/p>\n","protected":false},"author":1,"featured_media":13947,"comment_status":"open","ping_status":"open","sticky":false,"template":"","format":"standard","meta":{"footnotes":""},"categories":[30,1,3080],"tags":[2922,294,1579,261],"class_list":{"0":"post-13946","1":"post","2":"type-post","3":"status-publish","4":"format-standard","5":"has-post-thumbnail","7":"category-de-la-region-centro","8":"category-destacadas","9":"category-slp","10":"tag-2922","11":"tag-san-luis","12":"tag-sct","13":"tag-slp"},"_links":{"self":[{"href":"https:\/\/cronicadesoledad.com\/index.php\/wp-json\/wp\/v2\/posts\/13946","targetHints":{"allow":["GET"]}}],"collection":[{"href":"https:\/\/cronicadesoledad.com\/index.php\/wp-json\/wp\/v2\/posts"}],"about":[{"href":"https:\/\/cronicadesoledad.com\/index.php\/wp-json\/wp\/v2\/types\/post"}],"author":[{"embeddable":true,"href":"https:\/\/cronicadesoledad.com\/index.php\/wp-json\/wp\/v2\/users\/1"}],"replies":[{"embeddable":true,"href":"https:\/\/cronicadesoledad.com\/index.php\/wp-json\/wp\/v2\/comments?post=13946"}],"version-history":[{"count":1,"href":"https:\/\/cronicadesoledad.com\/index.php\/wp-json\/wp\/v2\/posts\/13946\/revisions"}],"predecessor-version":[{"id":13948,"href":"https:\/\/cronicadesoledad.com\/index.php\/wp-json\/wp\/v2\/posts\/13946\/revisions\/13948"}],"wp:featuredmedia":[{"embeddable":true,"href":"https:\/\/cronicadesoledad.com\/index.php\/wp-json\/wp\/v2\/media\/13947"}],"wp:attachment":[{"href":"https:\/\/cronicadesoledad.com\/index.php\/wp-json\/wp\/v2\/media?parent=13946"}],"wp:term":[{"taxonomy":"category","embeddable":true,"href":"https:\/\/cronicadesoledad.com\/index.php\/wp-json\/wp\/v2\/categories?post=13946"},{"taxonomy":"post_tag","embeddable":true,"href":"https:\/\/cronicadesoledad.com\/index.php\/wp-json\/wp\/v2\/tags?post=13946"}],"curies":[{"name":"wp","href":"https:\/\/api.w.org\/{rel}","templated":true}]}}