{"id":13970,"date":"2025-01-08T17:00:00","date_gmt":"2025-01-08T23:00:00","guid":{"rendered":"https:\/\/cronicadesoledad.com\/?p=13970"},"modified":"2025-01-09T00:18:13","modified_gmt":"2025-01-09T06:18:13","slug":"llevan-alegria-y-apoyos-a-familias-de-comunidades-rurales","status":"publish","type":"post","link":"https:\/\/cronicadesoledad.com\/index.php\/2025\/01\/08\/llevan-alegria-y-apoyos-a-familias-de-comunidades-rurales\/","title":{"rendered":"Llevan alegr\u00eda y apoyos a familias de comunidades rurales"},"content":{"rendered":"\n<p>Para continuar con las celebraciones del D\u00eda de Reyes, este martes, la Coordinaci\u00f3n de Participaci\u00f3n Ciudadana del Ayuntamiento de Soledad de Graciano S\u00e1nchez dio continuidad a la Caravana \u201cCanasta Digna\u201d y \u201cArropando Corazones\u201d en la cual se llev\u00f3 alegr\u00eda y apoyo a soledenses de las comunidades rurales, a trav\u00e9s de la entrega de cobijas, paquetes alimentarios y ropa a las y los adultos mayores, as\u00ed como dulces, juguetes y sorpresas para los ni\u00f1os.<\/p>\n\n\n\n<p>Las familias de las comunidades de Enrique Estrada y Estaci\u00f3n Techa recibieron estos apoyos, como parte de la pol\u00edtica de cercan\u00eda que impulsa el Alcalde, Juan Manuel Navarro Mu\u00f1iz, que, de acuerdo a Ofelia Ortega Samaniego, titular de Participaci\u00f3n Ciudadana, durante esta jornada se complet\u00f3 la entrega de mil 800 prendas de ropa abrigadora, recaudadas en d\u00edas anteriores por el personal del Ayuntamiento y ciudadanos que se unieron a la causa.<\/p>\n\n\n\n<p>Adem\u00e1s, destac\u00f3 que la Caravana, que se ha convertido en una tradici\u00f3n en Soledad, y esta ocasi\u00f3n, adem\u00e1s de la entrega de muchos regalos por parte de las autoridades municipales, las y los asistentes pudieron disfrutar de la tradicional Rosca de Reyes y chocolate caliente, fortaleciendo as\u00ed la convivencia social y familiar, y manteniendo viva la ilusi\u00f3n de esta fecha festiva.<\/p>\n\n\n\n<p>\u201cLlevamos much\u00edsimas cosas a personas en situaci\u00f3n de vulnerabilidad, con el prop\u00f3sito de hacerles pasar un momento agradable y esta ropa abrigadora es para que puedan hacer frente a esta temporada invernal, nosotros nos vamos muy contentos de ver como todas y todos se fueron felices con sus regalos\u201d, destac\u00f3 Ortega Samaniego.<\/p>\n\n\n\n<p>Finalmente, dijo que con este esfuerzo y muchos proyectos m\u00e1s en este 2025, el Ayuntamiento continuar\u00e1 reafirmando su compromiso de atender y apoyar a las comunidades m\u00e1s vulnerables, promoviendo el bienestar material, pero tambi\u00e9n el sentido de comunidad y celebraci\u00f3n como en esta significativa temporada.<\/p>\n","protected":false},"excerpt":{"rendered":"<p>Para continuar con las celebraciones del D\u00eda de Reyes, este martes, la Coordinaci\u00f3n de Participaci\u00f3n Ciudadana del Ayuntamiento de Soledad de Graciano S\u00e1nchez dio continuidad a la Caravana \u201cCanasta Digna\u201d y \u201cArropando Corazones\u201d en la cual se llev\u00f3 alegr\u00eda y apoyo a soledenses de las comunidades rurales, a trav\u00e9s de la entrega de cobijas, paquetes [&hellip;]<\/p>\n","protected":false},"author":2,"featured_media":13971,"comment_status":"open","ping_status":"open","sticky":false,"template":"","format":"standard","meta":{"footnotes":""},"categories":[1,24,21],"tags":[407,223,3083,294,261,27],"class_list":{"0":"post-13970","1":"post","2":"type-post","3":"status-publish","4":"format-standard","5":"has-post-thumbnail","7":"category-destacadas","8":"category-informacion-general","9":"category-tu-soledad","10":"tag-apoyos","11":"tag-ayuntamiento-soledense","12":"tag-comunidades-rurales","13":"tag-san-luis","14":"tag-slp","15":"tag-soledad"},"_links":{"self":[{"href":"https:\/\/cronicadesoledad.com\/index.php\/wp-json\/wp\/v2\/posts\/13970","targetHints":{"allow":["GET"]}}],"collection":[{"href":"https:\/\/cronicadesoledad.com\/index.php\/wp-json\/wp\/v2\/posts"}],"about":[{"href":"https:\/\/cronicadesoledad.com\/index.php\/wp-json\/wp\/v2\/types\/post"}],"author":[{"embeddable":true,"href":"https:\/\/cronicadesoledad.com\/index.php\/wp-json\/wp\/v2\/users\/2"}],"replies":[{"embeddable":true,"href":"https:\/\/cronicadesoledad.com\/index.php\/wp-json\/wp\/v2\/comments?post=13970"}],"version-history":[{"count":1,"href":"https:\/\/cronicadesoledad.com\/index.php\/wp-json\/wp\/v2\/posts\/13970\/revisions"}],"predecessor-version":[{"id":13972,"href":"https:\/\/cronicadesoledad.com\/index.php\/wp-json\/wp\/v2\/posts\/13970\/revisions\/13972"}],"wp:featuredmedia":[{"embeddable":true,"href":"https:\/\/cronicadesoledad.com\/index.php\/wp-json\/wp\/v2\/media\/13971"}],"wp:attachment":[{"href":"https:\/\/cronicadesoledad.com\/index.php\/wp-json\/wp\/v2\/media?parent=13970"}],"wp:term":[{"taxonomy":"category","embeddable":true,"href":"https:\/\/cronicadesoledad.com\/index.php\/wp-json\/wp\/v2\/categories?post=13970"},{"taxonomy":"post_tag","embeddable":true,"href":"https:\/\/cronicadesoledad.com\/index.php\/wp-json\/wp\/v2\/tags?post=13970"}],"curies":[{"name":"wp","href":"https:\/\/api.w.org\/{rel}","templated":true}]}}