{"id":13973,"date":"2025-01-08T18:00:00","date_gmt":"2025-01-09T00:00:00","guid":{"rendered":"https:\/\/cronicadesoledad.com\/?p=13973"},"modified":"2025-01-09T00:22:03","modified_gmt":"2025-01-09T06:22:03","slug":"inician-revisiones-a-establecimientos-para-actualizacion-de-dictamenes","status":"publish","type":"post","link":"https:\/\/cronicadesoledad.com\/index.php\/2025\/01\/08\/inician-revisiones-a-establecimientos-para-actualizacion-de-dictamenes\/","title":{"rendered":"Inician revisiones a establecimientos para actualizaci\u00f3n de dict\u00e1menes"},"content":{"rendered":"\n<p>Con el fin de garantizar un entorno laboral seguro para empleados y clientes de establecimientos comerciales, la Coordinaci\u00f3n Municipal de Protecci\u00f3n Civil de Soledad de Graciano S\u00e1nchez hace un llamado a las y los propietarios para que realicen su refrendo correspondiente al a\u00f1o 2025, con el que se busca verificar que operen bajo las normativas de seguridad adecuadas.<\/p>\n\n\n\n<p>Mart\u00edn Bravo Galicia, titular del \u00e1rea, enfatiz\u00f3 la importancia de que los establecimientos actualicen sus dict\u00e1menes de seguridad para salvaguardar la integridad de sus trabajadoras y trabajadores; asimismo mencion\u00f3 que personal de la Coordinaci\u00f3n a su cargo, ya ha realizado visitas a negocios para efectuar una evaluaci\u00f3n anual y emitir recomendaciones en caso de que exista alguna irregularidad.<\/p>\n\n\n\n<p>Puntualiz\u00f3 que las y los propietarios, tienen los meses de enero y febrero para pagar su refrendo 2025, y despu\u00e9s de este periodo aquellas que no cumplan con los programas internos y los dict\u00e1menes requeridos podr\u00edan enfrentar actas administrativas, lo que podr\u00eda resultar en sanciones o incluso en clausuras parciales o totales de sus instalaciones.<\/p>\n\n\n\n<p>Los pagos de los refrendos o cualquier informaci\u00f3n adicional se realizan en las oficinas de Protecci\u00f3n Civil ubicadas en calle Negrete #106 en Cabecera Municipal, donde pueden acercarse y completar el tr\u00e1mite correspondiente. \u201cEn Protecci\u00f3n Civil Municipal contamos con personal capacitado dispuesto a brindar asistencia en el cumplimiento de las medidas y protocolos necesarios\u201d, asegur\u00f3 Bravo Galicia.<\/p>\n\n\n\n<p>Por \u00faltimo, el titular de Protecci\u00f3n Civil subray\u00f3 que la seguridad y prevenci\u00f3n laboral son esenciales para prevenir tragedias o accidentes que puedan poner en riesgo la vida de las y los trabajadores, adem\u00e1s es la mejor manera para evitar cualquier incidente que pueda poner en riesgo la integridad de las y los clientes.<\/p>\n","protected":false},"excerpt":{"rendered":"<p>Con el fin de garantizar un entorno laboral seguro para empleados y clientes de establecimientos comerciales, la Coordinaci\u00f3n Municipal de Protecci\u00f3n Civil de Soledad de Graciano S\u00e1nchez hace un llamado a las y los propietarios para que realicen su refrendo correspondiente al a\u00f1o 2025, con el que se busca verificar que operen bajo las normativas [&hellip;]<\/p>\n","protected":false},"author":2,"featured_media":13974,"comment_status":"open","ping_status":"open","sticky":false,"template":"","format":"standard","meta":{"footnotes":""},"categories":[24,21],"tags":[223,1878,294,261,27],"class_list":{"0":"post-13973","1":"post","2":"type-post","3":"status-publish","4":"format-standard","5":"has-post-thumbnail","7":"category-informacion-general","8":"category-tu-soledad","9":"tag-ayuntamiento-soledense","10":"tag-proteccion-civil-2","11":"tag-san-luis","12":"tag-slp","13":"tag-soledad"},"_links":{"self":[{"href":"https:\/\/cronicadesoledad.com\/index.php\/wp-json\/wp\/v2\/posts\/13973","targetHints":{"allow":["GET"]}}],"collection":[{"href":"https:\/\/cronicadesoledad.com\/index.php\/wp-json\/wp\/v2\/posts"}],"about":[{"href":"https:\/\/cronicadesoledad.com\/index.php\/wp-json\/wp\/v2\/types\/post"}],"author":[{"embeddable":true,"href":"https:\/\/cronicadesoledad.com\/index.php\/wp-json\/wp\/v2\/users\/2"}],"replies":[{"embeddable":true,"href":"https:\/\/cronicadesoledad.com\/index.php\/wp-json\/wp\/v2\/comments?post=13973"}],"version-history":[{"count":1,"href":"https:\/\/cronicadesoledad.com\/index.php\/wp-json\/wp\/v2\/posts\/13973\/revisions"}],"predecessor-version":[{"id":13975,"href":"https:\/\/cronicadesoledad.com\/index.php\/wp-json\/wp\/v2\/posts\/13973\/revisions\/13975"}],"wp:featuredmedia":[{"embeddable":true,"href":"https:\/\/cronicadesoledad.com\/index.php\/wp-json\/wp\/v2\/media\/13974"}],"wp:attachment":[{"href":"https:\/\/cronicadesoledad.com\/index.php\/wp-json\/wp\/v2\/media?parent=13973"}],"wp:term":[{"taxonomy":"category","embeddable":true,"href":"https:\/\/cronicadesoledad.com\/index.php\/wp-json\/wp\/v2\/categories?post=13973"},{"taxonomy":"post_tag","embeddable":true,"href":"https:\/\/cronicadesoledad.com\/index.php\/wp-json\/wp\/v2\/tags?post=13973"}],"curies":[{"name":"wp","href":"https:\/\/api.w.org\/{rel}","templated":true}]}}