{"id":13979,"date":"2025-01-08T22:00:00","date_gmt":"2025-01-09T04:00:00","guid":{"rendered":"https:\/\/cronicadesoledad.com\/?p=13979"},"modified":"2025-01-09T00:26:20","modified_gmt":"2025-01-09T06:26:20","slug":"soledenses-reconocen-rapidez-y-apoyo-a-la-seguridad-vial","status":"publish","type":"post","link":"https:\/\/cronicadesoledad.com\/index.php\/2025\/01\/08\/soledenses-reconocen-rapidez-y-apoyo-a-la-seguridad-vial\/","title":{"rendered":"Soledenses reconocen rapidez y apoyo a la seguridad vial"},"content":{"rendered":"\n<p>Con un avance del 80 por ciento en su construcci\u00f3n, resultado de la pol\u00edtica de cercan\u00eda con la ciudadan\u00eda, el Ayuntamiento de Soledad de Graciano S\u00e1nchez reporta pr\u00f3ximo a inaugurarse el Puente Peatonal en el Bulevar Valle de los Fantasmas, un proyecto que responder\u00e1 a las necesidades de la poblaci\u00f3n que diariamente cruza esta vialidad, mejorando la seguridad vial y salvaguarda de miles de peatones.<\/p>\n\n\n\n<p>Jorge Grimaldo Lim\u00f3n, titular de la Direcci\u00f3n de Infraestructura Municipal, inform\u00f3 que la estructura del Puente ya se encuentra finalizada y actualmente, los trabajos se centran en el pintado y en la culminaci\u00f3n de las \u00faltimas dos rampas de las cuatro que tendr\u00e1, siendo la pr\u00f3xima semana cuando se efect\u00fae el primer montaje del Puente.<\/p>\n\n\n\n<p>La r\u00e1pida ejecuci\u00f3n de este proyecto ha sido bien recibida por la ciudadan\u00eda, tal es el caso de Felipe de Jes\u00fas quien expres\u00f3 su agradecimiento al Alcalde Juan Manuel Navarro Mu\u00f1iz, subrayando que esta obra ayudar\u00e1 a prevenir accidentes, especialmente para los estudiantes del colegio cercano y las personas que visitan la cl\u00ednica adyacente. \u201cEstamos muy agradecidos y es una gran ayuda para evitar accidentes,\u201d afirm\u00f3.<\/p>\n\n\n\n<p>Asimismo, Ana Estela Ram\u00edrez, habitante del municipio de Villa de Reyes y quien visita cada tres d\u00edas el municipio soledense ya que es usuaria de la cl\u00ednica, destac\u00f3 la notable rapidez en los trabajos, mencionando que cruzar la carretera ser\u00e1 ahora una tarea m\u00e1s f\u00e1cil y segura. \u201cPara m\u00ed ser\u00e1 menos peligroso,\u201d afirm\u00f3.<\/p>\n\n\n\n<p>\u201cYo s\u00ed usar\u00e9 el puente, batallo mucho para cruzar y est\u00e1 muy bien para evitar alg\u00fan accidente\u201d expres\u00f3 con gran alivio Santos Alvarado, vecina de la colonia Primero de Mayo que regularmente acude por este lugar, y quien adem\u00e1s asegur\u00f3 la celeridad ante la construcci\u00f3n del puente.<\/p>\n\n\n\n<p>Esta obra adem\u00e1s de representar un avance significativo en la infraestructura del municipio tambi\u00e9n refleja el compromiso del Ayuntamiento liderado por el Alcalde Juan Manuel Navarro por mejorar la seguridad vial y el bienestar de todas las familias soledenses.<\/p>\n","protected":false},"excerpt":{"rendered":"<p>Con un avance del 80 por ciento en su construcci\u00f3n, resultado de la pol\u00edtica de cercan\u00eda con la ciudadan\u00eda, el Ayuntamiento de Soledad de Graciano S\u00e1nchez reporta pr\u00f3ximo a inaugurarse el Puente Peatonal en el Bulevar Valle de los Fantasmas, un proyecto que responder\u00e1 a las necesidades de la poblaci\u00f3n que diariamente cruza esta vialidad, [&hellip;]<\/p>\n","protected":false},"author":2,"featured_media":13980,"comment_status":"open","ping_status":"open","sticky":false,"template":"","format":"standard","meta":{"footnotes":""},"categories":[1,24,21],"tags":[223,2801,2085,294,261,27,958],"class_list":{"0":"post-13979","1":"post","2":"type-post","3":"status-publish","4":"format-standard","5":"has-post-thumbnail","7":"category-destacadas","8":"category-informacion-general","9":"category-tu-soledad","10":"tag-ayuntamiento-soledense","11":"tag-bulevar-valle-de-los-fantasmas","12":"tag-puente","13":"tag-san-luis","14":"tag-slp","15":"tag-soledad","16":"tag-vialidad"},"_links":{"self":[{"href":"https:\/\/cronicadesoledad.com\/index.php\/wp-json\/wp\/v2\/posts\/13979","targetHints":{"allow":["GET"]}}],"collection":[{"href":"https:\/\/cronicadesoledad.com\/index.php\/wp-json\/wp\/v2\/posts"}],"about":[{"href":"https:\/\/cronicadesoledad.com\/index.php\/wp-json\/wp\/v2\/types\/post"}],"author":[{"embeddable":true,"href":"https:\/\/cronicadesoledad.com\/index.php\/wp-json\/wp\/v2\/users\/2"}],"replies":[{"embeddable":true,"href":"https:\/\/cronicadesoledad.com\/index.php\/wp-json\/wp\/v2\/comments?post=13979"}],"version-history":[{"count":1,"href":"https:\/\/cronicadesoledad.com\/index.php\/wp-json\/wp\/v2\/posts\/13979\/revisions"}],"predecessor-version":[{"id":13981,"href":"https:\/\/cronicadesoledad.com\/index.php\/wp-json\/wp\/v2\/posts\/13979\/revisions\/13981"}],"wp:featuredmedia":[{"embeddable":true,"href":"https:\/\/cronicadesoledad.com\/index.php\/wp-json\/wp\/v2\/media\/13980"}],"wp:attachment":[{"href":"https:\/\/cronicadesoledad.com\/index.php\/wp-json\/wp\/v2\/media?parent=13979"}],"wp:term":[{"taxonomy":"category","embeddable":true,"href":"https:\/\/cronicadesoledad.com\/index.php\/wp-json\/wp\/v2\/categories?post=13979"},{"taxonomy":"post_tag","embeddable":true,"href":"https:\/\/cronicadesoledad.com\/index.php\/wp-json\/wp\/v2\/tags?post=13979"}],"curies":[{"name":"wp","href":"https:\/\/api.w.org\/{rel}","templated":true}]}}