{"id":14049,"date":"2025-01-13T04:30:00","date_gmt":"2025-01-13T10:30:00","guid":{"rendered":"https:\/\/cronicadesoledad.com\/?p=14049"},"modified":"2025-01-13T01:10:12","modified_gmt":"2025-01-13T07:10:12","slug":"predial-irregular-genera-inquietud","status":"publish","type":"post","link":"https:\/\/cronicadesoledad.com\/index.php\/2025\/01\/13\/predial-irregular-genera-inquietud\/","title":{"rendered":"Predial irregular genera inquietud"},"content":{"rendered":"\n<p>Habitantes de la delegaci\u00f3n Villa de Pozos han expresado su preocupaci\u00f3n tras detectar diversas irregularidades en los comprobantes emitidos por el pago del impuesto predial. Estas inconsistencias han generado inquietud entre los contribuyentes, quienes exigen mayor transparencia en el manejo de estos recursos.<\/p>\n\n\n\n<p>Entre las irregularidades se\u00f1aladas destacan la presencia de logos de otros municipios en algunos recibos, lo que pone en duda la autenticidad de los comprobantes. Adem\u00e1s, varios recibos carecen del sello oficial de \u201crecibido\u201d, un requisito fundamental que garantiza la validez de los documentos.<\/p>\n\n\n\n<p>Incluso los comprobantes que s\u00ed incluyen el logotipo oficial del municipio de Villa de Pozos presentan inconsistencias, como la ausencia del sello oficial, lo que deja a los contribuyentes en una situaci\u00f3n de incertidumbre respecto al destino de sus pagos.<\/p>\n\n\n\n<p>Ante estas denuncias, los habitantes de Villa de Pozos han solicitado a las autoridades municipales una pronta investigaci\u00f3n para aclarar las irregularidades y garantizar la correcta emisi\u00f3n de los comprobantes. Asimismo, hicieron un llamado para que se refuercen los controles administrativos y se informe con claridad sobre el uso de los recursos recaudados a trav\u00e9s del impuesto predial, pues servicios como la recolecci\u00f3n de basura a\u00fan es inexistente.<\/p>\n","protected":false},"excerpt":{"rendered":"<p>Habitantes de la delegaci\u00f3n Villa de Pozos han expresado su preocupaci\u00f3n tras detectar diversas irregularidades en los comprobantes emitidos por el pago del impuesto predial. Estas inconsistencias han generado inquietud entre los contribuyentes, quienes exigen mayor transparencia en el manejo de estos recursos. Entre las irregularidades se\u00f1aladas destacan la presencia de logos de otros municipios [&hellip;]<\/p>\n","protected":false},"author":2,"featured_media":14052,"comment_status":"open","ping_status":"open","sticky":false,"template":"","format":"standard","meta":{"footnotes":""},"categories":[30,1,24],"tags":[2829,2774,555,294,261,27,1068],"class_list":{"0":"post-14049","1":"post","2":"type-post","3":"status-publish","4":"format-standard","5":"has-post-thumbnail","7":"category-de-la-region-centro","8":"category-destacadas","9":"category-informacion-general","10":"tag-ayuntamiento-de-villa-de-pozos","11":"tag-irregularidades","12":"tag-predial","13":"tag-san-luis","14":"tag-slp","15":"tag-soledad","16":"tag-villa-de-pozos"},"_links":{"self":[{"href":"https:\/\/cronicadesoledad.com\/index.php\/wp-json\/wp\/v2\/posts\/14049","targetHints":{"allow":["GET"]}}],"collection":[{"href":"https:\/\/cronicadesoledad.com\/index.php\/wp-json\/wp\/v2\/posts"}],"about":[{"href":"https:\/\/cronicadesoledad.com\/index.php\/wp-json\/wp\/v2\/types\/post"}],"author":[{"embeddable":true,"href":"https:\/\/cronicadesoledad.com\/index.php\/wp-json\/wp\/v2\/users\/2"}],"replies":[{"embeddable":true,"href":"https:\/\/cronicadesoledad.com\/index.php\/wp-json\/wp\/v2\/comments?post=14049"}],"version-history":[{"count":1,"href":"https:\/\/cronicadesoledad.com\/index.php\/wp-json\/wp\/v2\/posts\/14049\/revisions"}],"predecessor-version":[{"id":14053,"href":"https:\/\/cronicadesoledad.com\/index.php\/wp-json\/wp\/v2\/posts\/14049\/revisions\/14053"}],"wp:featuredmedia":[{"embeddable":true,"href":"https:\/\/cronicadesoledad.com\/index.php\/wp-json\/wp\/v2\/media\/14052"}],"wp:attachment":[{"href":"https:\/\/cronicadesoledad.com\/index.php\/wp-json\/wp\/v2\/media?parent=14049"}],"wp:term":[{"taxonomy":"category","embeddable":true,"href":"https:\/\/cronicadesoledad.com\/index.php\/wp-json\/wp\/v2\/categories?post=14049"},{"taxonomy":"post_tag","embeddable":true,"href":"https:\/\/cronicadesoledad.com\/index.php\/wp-json\/wp\/v2\/tags?post=14049"}],"curies":[{"name":"wp","href":"https:\/\/api.w.org\/{rel}","templated":true}]}}