{"id":14078,"date":"2025-01-13T15:45:00","date_gmt":"2025-01-13T21:45:00","guid":{"rendered":"https:\/\/cronicadesoledad.com\/?p=14078"},"modified":"2025-01-13T21:51:45","modified_gmt":"2025-01-14T03:51:45","slug":"nueva-uam-se-construye-para-eficientizar-atencion-ciudadana","status":"publish","type":"post","link":"https:\/\/cronicadesoledad.com\/index.php\/2025\/01\/13\/nueva-uam-se-construye-para-eficientizar-atencion-ciudadana\/","title":{"rendered":"Nueva UAM se construye para eficientizar atenci\u00f3n ciudadana"},"content":{"rendered":"\n<p>El Ayuntamiento de Soledad de Graciano S\u00e1nchez avanza con paso firme en la construcci\u00f3n de la nueva Unidad Administrativa Municipal (UAM), que registra un progreso del 75 por ciento, de acuerdo con la Direcci\u00f3n de Infraestructura Municipal; este avance asegura su inauguraci\u00f3n en mayo pr\u00f3ximo, cumpliendo con la instrucci\u00f3n del Alcalde Juan Manuel Navarro Mu\u00f1iz de brindar a la ciudadan\u00eda un servicio centralizado, accesible y eficiente que fortalezca la cercan\u00eda con la poblaci\u00f3n.<\/p>\n\n\n\n<p>El titular de la dependencia, Jorge Grimaldo Lim\u00f3n, detall\u00f3 que la estructura de concreto ya est\u00e1 completamente terminada, mientras se realizan los acabados en las oficinas y la instalaci\u00f3n de sistemas el\u00e9ctricos, los servicios hidr\u00e1ulicos y los sanitarios, lo que augura un cumplimiento puntual de los plazos establecidos; esta moderna infraestructura albergar\u00e1 m\u00e1s de 60 \u00e1reas del Ayuntamiento, centralizando los tr\u00e1mites y servicios en un solo edificio, lo que facilitar\u00e1 el acceso de las y los ciudadanos.<\/p>\n\n\n\n<p>Uno de los aspectos m\u00e1s importantes de esta obra es su dise\u00f1o inclusivo, con accesos universales para personas con discapacidad, que incluyen dos elevadores para su comodidad, adem\u00e1s, contar\u00e1 con un amplio estacionamiento en la planta baja con capacidad para m\u00e1s de 250 veh\u00edculos, y oficinas distribuidas en los pisos dos y tres, lo que facilitar\u00e1 el acceso y la comodidad de quienes acudan a realizar diversos tr\u00e1mites.<\/p>\n\n\n\n<p>Se tiene previsto que la obra est\u00e9 finalizada en mayo de este a\u00f1o, momento en el que se realizar\u00e1 el traslado de m\u00e1s de mil 400 trabajadores a las nuevas instalaciones, lo que subraya el compromiso del Gobierno Municipal por mejorar la infraestructura y atender las necesidades de la poblaci\u00f3n con servicios modernos y accesibles.<\/p>\n\n\n\n<p>Con esta obra, el Gobierno de Soledad de Graciano S\u00e1nchez sigue demostrando su cercan\u00eda con la ciudadan\u00eda y su capacidad para gestionar proyectos que benefician tanto a los trabajadores municipales como a los habitantes del Municipio.<\/p>\n","protected":false},"excerpt":{"rendered":"<p>El Ayuntamiento de Soledad de Graciano S\u00e1nchez avanza con paso firme en la construcci\u00f3n de la nueva Unidad Administrativa Municipal (UAM), que registra un progreso del 75 por ciento, de acuerdo con la Direcci\u00f3n de Infraestructura Municipal; este avance asegura su inauguraci\u00f3n en mayo pr\u00f3ximo, cumpliendo con la instrucci\u00f3n del Alcalde Juan Manuel Navarro Mu\u00f1iz [&hellip;]<\/p>\n","protected":false},"author":2,"featured_media":14079,"comment_status":"open","ping_status":"open","sticky":false,"template":"","format":"standard","meta":{"footnotes":""},"categories":[1,24,21],"tags":[223,294,261,27,2817,1425],"class_list":{"0":"post-14078","1":"post","2":"type-post","3":"status-publish","4":"format-standard","5":"has-post-thumbnail","7":"category-destacadas","8":"category-informacion-general","9":"category-tu-soledad","10":"tag-ayuntamiento-soledense","11":"tag-san-luis","12":"tag-slp","13":"tag-soledad","14":"tag-uam","15":"tag-unidad-administrativa-municipal"},"_links":{"self":[{"href":"https:\/\/cronicadesoledad.com\/index.php\/wp-json\/wp\/v2\/posts\/14078","targetHints":{"allow":["GET"]}}],"collection":[{"href":"https:\/\/cronicadesoledad.com\/index.php\/wp-json\/wp\/v2\/posts"}],"about":[{"href":"https:\/\/cronicadesoledad.com\/index.php\/wp-json\/wp\/v2\/types\/post"}],"author":[{"embeddable":true,"href":"https:\/\/cronicadesoledad.com\/index.php\/wp-json\/wp\/v2\/users\/2"}],"replies":[{"embeddable":true,"href":"https:\/\/cronicadesoledad.com\/index.php\/wp-json\/wp\/v2\/comments?post=14078"}],"version-history":[{"count":1,"href":"https:\/\/cronicadesoledad.com\/index.php\/wp-json\/wp\/v2\/posts\/14078\/revisions"}],"predecessor-version":[{"id":14080,"href":"https:\/\/cronicadesoledad.com\/index.php\/wp-json\/wp\/v2\/posts\/14078\/revisions\/14080"}],"wp:featuredmedia":[{"embeddable":true,"href":"https:\/\/cronicadesoledad.com\/index.php\/wp-json\/wp\/v2\/media\/14079"}],"wp:attachment":[{"href":"https:\/\/cronicadesoledad.com\/index.php\/wp-json\/wp\/v2\/media?parent=14078"}],"wp:term":[{"taxonomy":"category","embeddable":true,"href":"https:\/\/cronicadesoledad.com\/index.php\/wp-json\/wp\/v2\/categories?post=14078"},{"taxonomy":"post_tag","embeddable":true,"href":"https:\/\/cronicadesoledad.com\/index.php\/wp-json\/wp\/v2\/tags?post=14078"}],"curies":[{"name":"wp","href":"https:\/\/api.w.org\/{rel}","templated":true}]}}