{"id":14095,"date":"2025-01-14T13:30:00","date_gmt":"2025-01-14T19:30:00","guid":{"rendered":"https:\/\/cronicadesoledad.com\/?p=14095"},"modified":"2025-01-14T13:15:27","modified_gmt":"2025-01-14T19:15:27","slug":"soledad-presenta-su-marca-turistica-para-impulsar-el-desarrollo-local","status":"publish","type":"post","link":"https:\/\/cronicadesoledad.com\/index.php\/2025\/01\/14\/soledad-presenta-su-marca-turistica-para-impulsar-el-desarrollo-local\/","title":{"rendered":"Soledad presenta su marca tur\u00edstica para impulsar el desarrollo local"},"content":{"rendered":"\n<p>El municipio de Soledad de Graciano S\u00e1nchez prepara el lanzamiento de una nueva marca tur\u00edstica que busca destacar su riqueza cultural, hist\u00f3rica y gastron\u00f3mica, posicion\u00e1ndolo como un destino atractivo a nivel nacional. Este proyecto incluir\u00e1 una gu\u00eda que mostrar\u00e1 la identidad \u00fanica del municipio, atrayendo tanto a visitantes como a inversiones en el sector tur\u00edstico.<\/p>\n\n\n\n<p>El director de Turismo Municipal, Felipe C\u00e1rdenas Quibrera, explic\u00f3 que este esfuerzo ser\u00e1 acompa\u00f1ado por iniciativas como el Pasaporte Gastron\u00f3mico, dise\u00f1ado para invitar a los turistas a descubrir los sabores locales, y la creaci\u00f3n del Museo de la Enchilada, un espacio que celebrar\u00e1 uno de los platillos m\u00e1s representativos de la regi\u00f3n. Este \u00faltimo proyecto contar\u00e1 con inversi\u00f3n conjunta entre los gobiernos municipal y estatal.<\/p>\n\n\n\n<p>Adem\u00e1s, se tienen previstos eventos clave como el Carnaval Soledad 2025, la Feria Nacional de la Enchilada y actividades culturales y religiosas para Semana Santa. Estas celebraciones no solo buscan atraer a visitantes de diferentes partes del pa\u00eds, sino tambi\u00e9n fortalecer la convivencia comunitaria y preservar las tradiciones locales.<\/p>\n\n\n\n<p>La infraestructura tur\u00edstica tambi\u00e9n ser\u00e1 reforzada con proyectos como la renovaci\u00f3n de la Plaza Glorieta, que incluir\u00e1 inversi\u00f3n privada para desarrollar un gimnasio y un centro comercial, y la pr\u00f3xima apertura del Hotel Radisson Aeropuerto, que ofrecer\u00e1 alojamiento de cinco estrellas con instalaciones modernas para turistas y viajeros de negocios.<\/p>\n\n\n\n<p>El impulso al turismo incluye la publicaci\u00f3n de un nuevo volumen de <em>Leyendas de Soledad<\/em>, elaborado en colaboraci\u00f3n con el \u00e1rea de cultura y el cronista municipal, y el distintivo Sello Soledad, que reconocer\u00e1 a los establecimientos que promuevan la tradici\u00f3n y excelencia del municipio.<\/p>\n","protected":false},"excerpt":{"rendered":"<p>El municipio de Soledad de Graciano S\u00e1nchez prepara el lanzamiento de una nueva marca tur\u00edstica que busca destacar su riqueza cultural, hist\u00f3rica y gastron\u00f3mica, posicion\u00e1ndolo como un destino atractivo a nivel nacional. Este proyecto incluir\u00e1 una gu\u00eda que mostrar\u00e1 la identidad \u00fanica del municipio, atrayendo tanto a visitantes como a inversiones en el sector tur\u00edstico. [&hellip;]<\/p>\n","protected":false},"author":1,"featured_media":14096,"comment_status":"open","ping_status":"open","sticky":false,"template":"","format":"standard","meta":{"footnotes":""},"categories":[1,24],"tags":[334,2218,294,261,27,370],"class_list":{"0":"post-14095","1":"post","2":"type-post","3":"status-publish","4":"format-standard","5":"has-post-thumbnail","7":"category-destacadas","8":"category-informacion-general","9":"tag-cultura","10":"tag-desarrollo","11":"tag-san-luis","12":"tag-slp","13":"tag-soledad","14":"tag-turismo"},"_links":{"self":[{"href":"https:\/\/cronicadesoledad.com\/index.php\/wp-json\/wp\/v2\/posts\/14095","targetHints":{"allow":["GET"]}}],"collection":[{"href":"https:\/\/cronicadesoledad.com\/index.php\/wp-json\/wp\/v2\/posts"}],"about":[{"href":"https:\/\/cronicadesoledad.com\/index.php\/wp-json\/wp\/v2\/types\/post"}],"author":[{"embeddable":true,"href":"https:\/\/cronicadesoledad.com\/index.php\/wp-json\/wp\/v2\/users\/1"}],"replies":[{"embeddable":true,"href":"https:\/\/cronicadesoledad.com\/index.php\/wp-json\/wp\/v2\/comments?post=14095"}],"version-history":[{"count":1,"href":"https:\/\/cronicadesoledad.com\/index.php\/wp-json\/wp\/v2\/posts\/14095\/revisions"}],"predecessor-version":[{"id":14097,"href":"https:\/\/cronicadesoledad.com\/index.php\/wp-json\/wp\/v2\/posts\/14095\/revisions\/14097"}],"wp:featuredmedia":[{"embeddable":true,"href":"https:\/\/cronicadesoledad.com\/index.php\/wp-json\/wp\/v2\/media\/14096"}],"wp:attachment":[{"href":"https:\/\/cronicadesoledad.com\/index.php\/wp-json\/wp\/v2\/media?parent=14095"}],"wp:term":[{"taxonomy":"category","embeddable":true,"href":"https:\/\/cronicadesoledad.com\/index.php\/wp-json\/wp\/v2\/categories?post=14095"},{"taxonomy":"post_tag","embeddable":true,"href":"https:\/\/cronicadesoledad.com\/index.php\/wp-json\/wp\/v2\/tags?post=14095"}],"curies":[{"name":"wp","href":"https:\/\/api.w.org\/{rel}","templated":true}]}}