{"id":14098,"date":"2025-01-14T13:45:51","date_gmt":"2025-01-14T19:45:51","guid":{"rendered":"https:\/\/cronicadesoledad.com\/?p=14098"},"modified":"2025-01-14T13:45:52","modified_gmt":"2025-01-14T19:45:52","slug":"en-13-dias-desaparecen-15-personas-en-san-luis-potosi","status":"publish","type":"post","link":"https:\/\/cronicadesoledad.com\/index.php\/2025\/01\/14\/en-13-dias-desaparecen-15-personas-en-san-luis-potosi\/","title":{"rendered":"En 13 d\u00edas desaparecen 15 personas en San Luis Potos\u00ed"},"content":{"rendered":"<div class=\"wp-block-post-author\"><div class=\"wp-block-post-author__avatar\"><img alt='' src='https:\/\/secure.gravatar.com\/avatar\/c461dc1c9956ba6b09be4baf763c32ce123cc1e637ad7db5b65acf0117b48053?s=48&#038;d=mm&#038;r=g' srcset='https:\/\/secure.gravatar.com\/avatar\/c461dc1c9956ba6b09be4baf763c32ce123cc1e637ad7db5b65acf0117b48053?s=96&#038;d=mm&#038;r=g 2x' class='avatar avatar-48 photo' height='48' width='48' \/><\/div><div class=\"wp-block-post-author__content\"><p class=\"wp-block-post-author__name\">admin<\/p><\/div><\/div>\n\n\n\n\n<p>En lo que va del a\u00f1o, San Luis Potos\u00ed enfrenta una preocupante ola de desapariciones. Durante los primeros 13 d\u00edas del 2025, 15 hombres y mujeres, entre ellos adultos mayores y menores de edad, han sido reportados como desaparecidos.<\/p>\n\n\n\n<p>Estas cifras provienen de las fichas de b\u00fasqueda publicadas por la Fiscal\u00eda Especializada en Materia de Derechos Humanos del Estado. Las autoridades han reiterado la importancia de denunciar cualquier desaparici\u00f3n de manera inmediata, ya que el tiempo es crucial para la localizaci\u00f3n de las personas.<\/p>\n\n\n\n\n\n<p>La situaci\u00f3n ha generado alarma entre la poblaci\u00f3n y refuerza el llamado a fortalecer las estrategias de b\u00fasqueda y prevenci\u00f3n. Se invita a la ciudadan\u00eda a mantenerse alerta y colaborar con las autoridades proporcionando cualquier informaci\u00f3n que pueda ser \u00fatil en los casos.<\/p>\n\n\n\n<p>El problema de las desapariciones sigue siendo una de las principales preocupaciones en el estado, destacando la necesidad de acciones coordinadas para garantizar la seguridad y el derecho de las familias a encontrar a sus seres queridos.<\/p>\n","protected":false},"excerpt":{"rendered":"<p>Aumento alarmante en casos de desapariciones<\/p>\n","protected":false},"author":1,"featured_media":14099,"comment_status":"open","ping_status":"open","sticky":false,"template":"","format":"standard","meta":{"footnotes":""},"categories":[1,19,3080,21],"tags":[3115,903,294,276,27],"class_list":{"0":"post-14098","1":"post","2":"type-post","3":"status-publish","4":"format-standard","5":"has-post-thumbnail","7":"category-destacadas","8":"category-seguridad","9":"category-slp","10":"category-tu-soledad","11":"tag-fgr","12":"tag-fiscalia-general-del-estado","13":"tag-san-luis","14":"tag-seguridad","15":"tag-soledad"},"_links":{"self":[{"href":"https:\/\/cronicadesoledad.com\/index.php\/wp-json\/wp\/v2\/posts\/14098","targetHints":{"allow":["GET"]}}],"collection":[{"href":"https:\/\/cronicadesoledad.com\/index.php\/wp-json\/wp\/v2\/posts"}],"about":[{"href":"https:\/\/cronicadesoledad.com\/index.php\/wp-json\/wp\/v2\/types\/post"}],"author":[{"embeddable":true,"href":"https:\/\/cronicadesoledad.com\/index.php\/wp-json\/wp\/v2\/users\/1"}],"replies":[{"embeddable":true,"href":"https:\/\/cronicadesoledad.com\/index.php\/wp-json\/wp\/v2\/comments?post=14098"}],"version-history":[{"count":1,"href":"https:\/\/cronicadesoledad.com\/index.php\/wp-json\/wp\/v2\/posts\/14098\/revisions"}],"predecessor-version":[{"id":14100,"href":"https:\/\/cronicadesoledad.com\/index.php\/wp-json\/wp\/v2\/posts\/14098\/revisions\/14100"}],"wp:featuredmedia":[{"embeddable":true,"href":"https:\/\/cronicadesoledad.com\/index.php\/wp-json\/wp\/v2\/media\/14099"}],"wp:attachment":[{"href":"https:\/\/cronicadesoledad.com\/index.php\/wp-json\/wp\/v2\/media?parent=14098"}],"wp:term":[{"taxonomy":"category","embeddable":true,"href":"https:\/\/cronicadesoledad.com\/index.php\/wp-json\/wp\/v2\/categories?post=14098"},{"taxonomy":"post_tag","embeddable":true,"href":"https:\/\/cronicadesoledad.com\/index.php\/wp-json\/wp\/v2\/tags?post=14098"}],"curies":[{"name":"wp","href":"https:\/\/api.w.org\/{rel}","templated":true}]}}