{"id":14135,"date":"2025-01-15T16:12:07","date_gmt":"2025-01-15T22:12:07","guid":{"rendered":"https:\/\/cronicadesoledad.com\/?p=14135"},"modified":"2025-01-15T16:12:07","modified_gmt":"2025-01-15T22:12:07","slug":"villa-de-pozos-fortalece-acciones-para-mejorar-los-espacios-publicos","status":"publish","type":"post","link":"https:\/\/cronicadesoledad.com\/index.php\/2025\/01\/15\/villa-de-pozos-fortalece-acciones-para-mejorar-los-espacios-publicos\/","title":{"rendered":"Villa de Pozos fortalece acciones para mejorar los espacios p\u00fablicos"},"content":{"rendered":"\n<p>En un esfuerzo por revertir el abandono de la herencia maldita, el gobierno municipal de Villa de Pozos, a trav\u00e9s de la Direcci\u00f3n de Parques y Jardines, adquiri\u00f3 nuevo equipo y herramientas para optimizar las labores de limpieza en el municipio en busca garantizar que las \u00e1reas comunes y espacios verdes del lugar reciban el mantenimiento adecuado.<\/p>\n\n\n\n<p><br>El titular de la Direcci\u00f3n de Parques y Jardines, Emmanuel Agui\u00f1aga, detall\u00f3 que entre el nuevo equipo adquirido se encuentran herramientas fundamentales como palas, desbrozadoras y motosierras, insumos permitir\u00e1n al personal del \u00e1rea realizar su trabajo de manera m\u00e1s eficiente y abarcar un mayor n\u00famero de tareas, tales mantenimiento de parques y la poda de \u00e1reas verdes.<\/p>\n\n\n\n<p><br>El Concejo Municipal de Villa de Pozos que encabeza la Presidenta Concejal Teresa Rivera, ha manifestado su compromiso con la recuperaci\u00f3n de los espacios urbanos que, durante a\u00f1os, no recibieron el mantenimiento adecuado y el nuevo equipo permitir\u00e1n agilizar las labores diarias en donde se necesita atenci\u00f3n urgente, enfatiz\u00f3 el funcionario.<\/p>\n\n\n\n<p><br>Este esfuerzo es solo el inicio de un proceso de renovaci\u00f3n y mejora integral de la infraestructura urbana, ya que el \u00e1rea tiene proyectadas m\u00e1s acciones para mejorar el entorno.<\/p>\n","protected":false},"excerpt":{"rendered":"<p>En un esfuerzo por revertir el abandono de la herencia maldita, el gobierno municipal de Villa de Pozos, a trav\u00e9s de la Direcci\u00f3n de Parques y Jardines, adquiri\u00f3 nuevo equipo y herramientas para optimizar las labores de limpieza en el municipio en busca garantizar que las \u00e1reas comunes y espacios verdes del lugar reciban el [&hellip;]<\/p>\n","protected":false},"author":1,"featured_media":14136,"comment_status":"open","ping_status":"open","sticky":false,"template":"","format":"standard","meta":{"footnotes":""},"categories":[30,24],"tags":[2508,581,294,261,27,1068],"class_list":{"0":"post-14135","1":"post","2":"type-post","3":"status-publish","4":"format-standard","5":"has-post-thumbnail","7":"category-de-la-region-centro","8":"category-informacion-general","9":"tag-espacios-publicos-2","10":"tag-limpieza","11":"tag-san-luis","12":"tag-slp","13":"tag-soledad","14":"tag-villa-de-pozos"},"_links":{"self":[{"href":"https:\/\/cronicadesoledad.com\/index.php\/wp-json\/wp\/v2\/posts\/14135","targetHints":{"allow":["GET"]}}],"collection":[{"href":"https:\/\/cronicadesoledad.com\/index.php\/wp-json\/wp\/v2\/posts"}],"about":[{"href":"https:\/\/cronicadesoledad.com\/index.php\/wp-json\/wp\/v2\/types\/post"}],"author":[{"embeddable":true,"href":"https:\/\/cronicadesoledad.com\/index.php\/wp-json\/wp\/v2\/users\/1"}],"replies":[{"embeddable":true,"href":"https:\/\/cronicadesoledad.com\/index.php\/wp-json\/wp\/v2\/comments?post=14135"}],"version-history":[{"count":1,"href":"https:\/\/cronicadesoledad.com\/index.php\/wp-json\/wp\/v2\/posts\/14135\/revisions"}],"predecessor-version":[{"id":14137,"href":"https:\/\/cronicadesoledad.com\/index.php\/wp-json\/wp\/v2\/posts\/14135\/revisions\/14137"}],"wp:featuredmedia":[{"embeddable":true,"href":"https:\/\/cronicadesoledad.com\/index.php\/wp-json\/wp\/v2\/media\/14136"}],"wp:attachment":[{"href":"https:\/\/cronicadesoledad.com\/index.php\/wp-json\/wp\/v2\/media?parent=14135"}],"wp:term":[{"taxonomy":"category","embeddable":true,"href":"https:\/\/cronicadesoledad.com\/index.php\/wp-json\/wp\/v2\/categories?post=14135"},{"taxonomy":"post_tag","embeddable":true,"href":"https:\/\/cronicadesoledad.com\/index.php\/wp-json\/wp\/v2\/tags?post=14135"}],"curies":[{"name":"wp","href":"https:\/\/api.w.org\/{rel}","templated":true}]}}